{"id":447,"date":"2019-06-22T20:56:38","date_gmt":"2019-06-22T18:56:38","guid":{"rendered":"http:\/\/www.starkevolksschulezh.ch\/?p=447"},"modified":"2019-08-16T21:24:15","modified_gmt":"2019-08-16T19:24:15","slug":"newsletter-vom-23-6-2019","status":"publish","type":"post","link":"https:\/\/www.starkevolksschulezh.ch\/?p=447","title":{"rendered":"Newsletter vom 23.6.2019"},"content":{"rendered":"\n<div class=\"wp-block-file\"><a href=\"http:\/\/www.starkevolksschulezh.ch\/wp-content\/uploads\/2019\/06\/Newsletter-190623.pdf\">Newsletter vom 23.6.2019<\/a><a href=\"http:\/\/www.starkevolksschulezh.ch\/wp-content\/uploads\/2019\/06\/Newsletter-190623.pdf\" class=\"wp-block-file__button\" download>Herunterladen<\/a><\/div>\n\n\n\n<h2>G\u00f6tterd\u00e4mmerung in der P\u00e4dagogik<\/h2>\n<p>Gegen Ende der Unterstufe packte mein Sohn eine <strong>Leidenschaft f\u00fcrs Lesen<\/strong>. Er las vom Globi-Buch bis zu den Seefahrergeschichten so ziemlich alles, was er in seiner Kinderbibliothek vorfand. Leichtere Lekt\u00fcre bew\u00e4ltigte er meist liegend im Bett und dabei schien er beim Lesen kaum zu \u00fcberm\u00fcden. Doch einmal fand ich ihn aufrecht sitzend an seinem kleinen Pult, wo er hoch konzentriert ein Buch las. <!--more-->Er war vertieft in die tragische Geschichte von Scotts Wettlauf zum S\u00fcdpol. Auf die Frage, warum er denn diesmal nicht im Bett das Buch lese, entgegnete er: \u00abDas Buch ist wahnsinnig spannend, aber wenn ich es nicht genau lese, komme ich nicht mehr mit. Ich muss mich voll konzentrieren.\u00bb<\/p>\n<p>Die Begebenheit zeigt, dass man eine Geschichte auf ganz verschiedene Weise lesen und im besten Fall verinnerlichen kann. Ich glaube nicht, dass uns fl\u00fcchtiges Lesen an Computer\u00adbild\u00adschirmen noch <strong>in den Mussezustand einer vertieften Auseinandersetzung mit einem Text<\/strong>f\u00fchrt. Man pickt sich ein paar Informationen heraus, um m\u00f6glichst rasch wieder antworten zu k\u00f6nnen. Mit der Zeit gew\u00f6hnen sich viele ans \u00dcberfliegen von Texten, was ein Eintauchen in die geschilderte Welt oder ein umfassendes Verstehen von Zusammenh\u00e4ngen erschwert.<\/p>\n<p>Carl Bossard weist in seiner brillanten Zusammenfassung eines Buchs von J\u00fcrgen Kaube darauf hin, dass unsere auf <strong>rasches Aufnehmen ausgerichtete Lesekultur<\/strong>der Oberfl\u00e4chlichkeit T\u00fcr und Tor \u00f6ffnet. Und Gottlieb H\u00f6pli doppelt mit seiner Kolumne \u00fcber das hastige Lesen am Bildschirm eindr\u00fccklich nach.<\/p>\n<p>Ein Dauerbrenner der p\u00e4dagogischen Unruhe sind die <strong>gescheiterten didaktischen Konzepte<\/strong>praxisferner Hochschuldozenten. Es r\u00e4cht sich jetzt, dass man an den meisten P\u00e4dagogischen Hochschulen zeitweise glaubte, auf den Einsatz berufserfahrener Lehrpersonen als Fach\u00addidak\u00adtiker verzichten zu k\u00f6nnen. Mit einiger Verblendung wurde verk\u00fcndet, die neuen Erkenntnisse in der Fachdidaktik seien den bisherigen Methoden weit \u00fcberlegen. Den Fachdidaktikern aus der Volksschule wurden so viele Auflagen f\u00fcr ihre T\u00e4tigkeit an den Hochschulen gemacht, bis sie fast ausnahmslos k\u00fcndigten.<\/p>\n<p>Das Feld war danach offen f\u00fcr <strong>den vermeintlich grossen Sprung nach vorn<\/strong>. Laufend wurden neue Dogmen verk\u00fcndet, die alles Bisherige in den Schatten stellen sollten. Sprachenlernen gelinge besser durch ein spielerisches Sprachbad statt \u00fcber einen m\u00fchsamen Weg mit viel \u00dcben und dem Aneignen von elementarer Grammatik. In der Mathematik waren die Forscher \u00fcberzeugt, mit entdeckendem Lernen k\u00e4men die Sch\u00fcler viel weiter als mit dem Vermitteln mathematischer Grundkenntnisse durch sorgf\u00e4ltige Instruktion.<\/p>\n<p>Doch in diesen Wochen folgte eine schon fast brutale Ern\u00fcchterung. In Frankreich herrscht Alarmstimmung, nachdem festgestellt wurde, dass <strong>die Defizite der Sch\u00fcler in elementarer Mathematik enorm sind<\/strong>. Das Bildungsministerium versucht nun das Steuer herumzureissen, indem es den Schulen eine Radikalkur f\u00fcr instruierendes Lernen verordnet. Im Beitrag von Alain Pichard und Astrid Baumann wird diese schon fast unglaubliche Kehrtwendung ausf\u00fchrlich erl\u00e4utert.<\/p>\n<p>Doch auch bei uns besteht kein Grund, sich auf die Schulter zu klopfen. Die Resultate der nationalen Tests zur \u00dcberpr\u00fcfung der Grundkompetenzen in Mathematik waren alles andere als erfreulich. Bei der Erziehungsdirektorenkonferenz <strong>herrscht grosse Ratlosigkeit<\/strong>, da die Ergebnisse \u00fcberhaupt nicht den Erwartungen entsprechen.<\/p>\n<p>Unsere Autoren und Leserbriefschreiber sehen das Grund\u00fcbel in den Fehlentwicklungen im didaktischen Bereich. <strong>Verloren gegangen sei der Dialog auf Augenh\u00f6he zwischen den Hoch\u00adschuldozenten und den Schulpraktikern.<\/strong>Irgendwie erinnert das Verhalten tonangebender p\u00e4dagogischer Akademiker an die vertrackte Situation in der grossen Politik, wo eine in vielen Fragen abgehobene politische Elite die Sorgen eines Grossteils der Bev\u00f6lkerung gar nicht kennt.<\/p>\n<p>Die den Puls des p\u00e4dagogischen Geschehens erlebenden Lehrerinnen und Lehrern sind auf\u00adgerufen, das Heft wieder in die Hand zu nehmen. Konkret heisst dies, dass sie sich nicht l\u00e4nger zur\u00fcckhalten, <strong>den Abbruch erfolgloser und teurer Schulexperimente unmissverst\u00e4ndlich zu fordern<\/strong>. Sicher wird sich die Lehrerschaft dabei innovativen Neuerungen nicht verschliessen, aber die ungepr\u00fcfte \u00dcbernahme weltfremder Konzepte darf nicht l\u00e4nger zum Schaden unserer Jugend hingenommen werden.<\/p>\n<p>Werfen Sie einen Blick auf unseren Newsletter. Namhafte Autorinnen und Autoren setzen sich mit den aktuellen Fehlentwicklungen auseinander und pl\u00e4dieren f\u00fcr ein konstruktives Umdenken in der P\u00e4dagogik. Das ist doch eine gute Sache.<\/p>\n<p>F\u00fcr die \u00abStarke Volksschule Z\u00fcrich\u00bb<\/p>\n<p><em>Hanspeter Amstutz<\/em><\/p>\n<h2>Inhalt<\/h2>\n<ul>\n<li>G\u00f6tterd\u00e4mmerung in der P\u00e4dagogik <br><span style=\"color: #808080; font-size: 10pt;\">6.2019, Hanspeter Amstutz<\/span><\/li>\n<li>Verbl\u00f6det Schule? fragt J\u00fcrgen Kaube <br><span style=\"font-size: 10pt; color: #808080;\">Journal21 14.6.2019, von Carl Bossard<\/span><\/li>\n<li>Bildschirmlesen kann Verstehen gef\u00e4hrden<br><span style=\"font-size: 10pt; color: #808080;\">Tagblatt, 18.6.2019, Kolumne von Gottlieb H\u00f6pli<\/span><\/li>\n<li>Wieso Lehrer so wichtig sind <br><span style=\"font-size: 10pt; color: #808080;\">Tages-Anzeiger 8.6.2019, Mamablog von Regula Portillo, Freie Texterin und Autorin<\/span><\/li>\n<li>Der Abstieg der Grande Nation in Sachen Mathematik <br><span style=\"font-size: 10pt; color: #808080;\">Condorcet Bildungsperspektiven 12.6.2019, Alain Pichard und Astrid Baumann<\/span><\/li>\n<li>Warum sind die Lehrer in Aufruhr? <br><span style=\"font-size: 10pt; color: #808080;\">Zeit-Fragen 18.6.2019, von Claude Meunier-Berthelot, franz\u00f6sische Buchautorin, Juristin und Lehrerin<\/span><\/li>\n<li>Fluch und Segen der Privatschulen<br><span style=\"font-size: 10pt; color: #808080;\">Tagblatt St. Gallen 17.6.2019, Kolumne von Mario Andreotti<\/span><\/li>\n<li>An den Schulen lebt der Filz <br><span style=\"font-size: 10pt; color: #808080;\">NZZ 22.6.2019, Schweiz, von J\u00f6rg Krummenacher<\/span><\/li>\n<li>EDK, AVS, FHNW \u2013 das Bermudadreieck der Eigenm\u00e4chtigkeit <br><span style=\"font-size: 10pt; color: #808080;\">Starke Schule beider Basel 4.6.2019, Felix Hoffmann<\/span><\/li>\n<li>Die St\u00e4dte r\u00fcsten die Schulen digital auf <br><span style=\"color: #808080; font-size: 10pt;\">NZZ 18.6.2019, J\u00f6rg Krummenacher<\/span><\/li>\n<li>Die Bildungsdaten geh\u00f6ren allen <br><span style=\"color: #808080; font-size: 10pt;\">NZZ 18.6.2019, Meinung und Debatte, Larissa Rhyn<\/span><\/li>\n<li>Hausaufgabenhilfe 2.0 <br><span style=\"font-size: 10pt; color: #808080;\">Tages-Anzeiger 17.6.2019, Kultur&amp; Gesellschaft, von Aleksandra Hiltmann<\/span><\/li>\n<li>Bildungsvergleich und Lehrplan 21 <br><span style=\"font-size: 10pt; color: #808080;\">NZZ 12.6.2019, Zuschriften<\/span><\/li>\n<li>Bildungsb\u00fcrokratie <br><span style=\"font-size: 10pt; color: #808080;\">NZZ 11.6.2019, Zuschriften<\/span><\/li>\n<li>Es l\u00e4sst aufhorchen, dass einige Junglehrer wieder aussteigen <br><span style=\"color: #808080; font-size: 10pt;\">Galler Tagblatt 18.6.2019, Meinung, Leserbriefe<\/span><\/li>\n<\/ul>\n<p>&nbsp;<\/p>\n\n\n\n<div class=\"wp-block-file\"><a href=\"http:\/\/www.starkevolksschulezh.ch\/wp-content\/uploads\/2019\/06\/Newsletter-190623.pdf\">Newsletter vom 23.6.2019<\/a><a href=\"http:\/\/www.starkevolksschulezh.ch\/wp-content\/uploads\/2019\/06\/Newsletter-190623.pdf\" class=\"wp-block-file__button\" download>Herunterladen<\/a><\/div>\n","protected":false},"excerpt":{"rendered":"<p>G\u00f6tterd\u00e4mmerung in der P\u00e4dagogik Gegen Ende der Unterstufe packte mein Sohn eine Leidenschaft f\u00fcrs Lesen. Er las vom Globi-Buch bis zu den Seefahrergeschichten so ziemlich alles, was er in seiner Kinderbibliothek vorfand. Leichtere Lekt\u00fcre bew\u00e4ltigte er meist liegend im Bett und dabei schien er beim Lesen kaum zu \u00fcberm\u00fcden. Doch einmal fand ich ihn aufrecht <a href=\"https:\/\/www.starkevolksschulezh.ch\/?p=447\" class=\"more-link\">...weiterlesen<span class=\"screen-reader-text\"> \"Newsletter vom 23.6.2019\"<\/span><\/a><\/p>\n","protected":false},"author":1,"featured_media":0,"comment_status":"closed","ping_status":"closed","sticky":false,"template":"","format":"standard","meta":{"footnotes":""},"categories":[3],"tags":[],"class_list":{"0":"post-447","1":"post","2":"type-post","3":"status-publish","4":"format-standard","6":"category-newsletter","7":"h-entry","8":"hentry","9":"h-as-article"},"aioseo_notices":[],"_links":{"self":[{"href":"https:\/\/www.starkevolksschulezh.ch\/index.php?rest_route=\/wp\/v2\/posts\/447","targetHints":{"allow":["GET"]}}],"collection":[{"href":"https:\/\/www.starkevolksschulezh.ch\/index.php?rest_route=\/wp\/v2\/posts"}],"about":[{"href":"https:\/\/www.starkevolksschulezh.ch\/index.php?rest_route=\/wp\/v2\/types\/post"}],"author":[{"embeddable":true,"href":"https:\/\/www.starkevolksschulezh.ch\/index.php?rest_route=\/wp\/v2\/users\/1"}],"replies":[{"embeddable":true,"href":"https:\/\/www.starkevolksschulezh.ch\/index.php?rest_route=%2Fwp%2Fv2%2Fcomments&post=447"}],"version-history":[{"count":3,"href":"https:\/\/www.starkevolksschulezh.ch\/index.php?rest_route=\/wp\/v2\/posts\/447\/revisions"}],"predecessor-version":[{"id":471,"href":"https:\/\/www.starkevolksschulezh.ch\/index.php?rest_route=\/wp\/v2\/posts\/447\/revisions\/471"}],"wp:attachment":[{"href":"https:\/\/www.starkevolksschulezh.ch\/index.php?rest_route=%2Fwp%2Fv2%2Fmedia&parent=447"}],"wp:term":[{"taxonomy":"category","embeddable":true,"href":"https:\/\/www.starkevolksschulezh.ch\/index.php?rest_route=%2Fwp%2Fv2%2Fcategories&post=447"},{"taxonomy":"post_tag","embeddable":true,"href":"https:\/\/www.starkevolksschulezh.ch\/index.php?rest_route=%2Fwp%2Fv2%2Ftags&post=447"}],"curies":[{"name":"wp","href":"https:\/\/api.w.org\/{rel}","templated":true}]}}