{"id":429,"date":"2019-05-25T22:41:30","date_gmt":"2019-05-25T20:41:30","guid":{"rendered":"http:\/\/www.starkevolksschulezh.ch\/?p=429"},"modified":"2019-06-07T08:38:34","modified_gmt":"2019-06-07T06:38:34","slug":"newsletter-vom-26-5-2019","status":"publish","type":"post","link":"https:\/\/www.starkevolksschulezh.ch\/?p=429","title":{"rendered":"Newsletter vom 26.5.2019"},"content":{"rendered":"\n<div class=\"wp-block-file\"><a href=\"https:\/\/www.starkevolksschulezh.ch\/wp-content\/uploads\/2019\/05\/Newsletter-190526.pdf\">Newsletter vom 26.5.2019<\/a><a href=\"https:\/\/www.starkevolksschulezh.ch\/wp-content\/uploads\/2019\/05\/Newsletter-190526.pdf\" class=\"wp-block-file__button\" download>Herunterladen<\/a><\/div>\n\n\n\n<h2>Verwirrende Testergebnisse und offene Fragen<\/h2>\n<p>Bis jetzt waren die Schweizer Bildungsfachleute stolz auf das gute Abschneiden unserer Jugend bei den PISA-Tests im Bereich Mathematik. Und nun das: Die nationalen Erhebungen zeigen, <strong>dass bei den Grundanforderungen nur sechs von&nbsp;<\/strong><strong>zehn Sch\u00fclern die Bildungsziele&nbsp;<\/strong><strong>erreichen<\/strong>. Die Erziehungsdirektorenkonferenz ist ziemlich ratlos \u00fcber das unerwartete Resultat und versucht mit abenteuerlichen Begr\u00fcndungen das Debakel zu erkl\u00e4ren. <!--more-->Was auch alles an ungl\u00fccklichen Umst\u00e4nden erw\u00e4hnt wird, \u00fcberzeugt jedoch nicht. Das Argument, dass in den meisten Kantonen in der Mathematik zum Zeitpunkt der Erhebung noch nicht nach dem Kompetenzenmodell des neuen Lehrplans unterrichtet wurde, steht auf wackeligen Beinen.<\/p>\n<p>So sticht f\u00fcr den Kanton Z\u00fcrich, der unterdurchschnittlich abgeschnitten hat, dieser Trumpf \u00fcberhaupt nicht. Hier wurden <strong>die Mathelehrmittel schon im Voraus auf die Bildungsziele und die methodischen Leitlinien des neuen Lehrplans ausgerichtet<\/strong>. Obwohl erfahrene Lehrpersonen immer wieder warnten, die \u00dcberf\u00fclle an Bildungszielen und der Verzicht auf gr\u00fcndliches \u00dcben w\u00fcrden sich bei schw\u00e4cheren Sch\u00fclern stark bemerkbar machen, nahm man die Kritik nicht ernst. Jetzt ist die Quittung da und sie schmerzt empfindlich.<\/p>\n<p>Immerhin scheint die EDK auch von Erfreulichem berichten zu k\u00f6nnen. Im Deutsch sind die Sch\u00fcler besser als erwartet. Doch Vorsicht, denn was im Deutsch gepr\u00fcft wurde, ist nur <strong>ein kleiner Teil der sprachlichen Kompetenzen<\/strong>. Wir wissen nicht, wieweit unsere Sch\u00fcler imstande sind, sich \u00fcber ein gew\u00e4hltes Thema in schriftlicher Form verst\u00e4ndlich auszudr\u00fccken. Dies zu pr\u00fcfen w\u00e4re sicher eine Herkulesaufgabe, aber es br\u00e4chte sehr viel mehr Licht ins Dunkel. Doch die EDK hat sich dieser Herausforderung nicht gestellt. Wahrscheinlich k\u00f6nnten Lehrpersonen der Sekundarstufe durchaus Auskunft geben, wie gut es um die Kompetenz der Primarsch\u00fcler beim Schreiben von Aufs\u00e4tzen steht.<\/p>\n<p>Vorsicht ist auch bei der Beurteilung der sprachlichen Kompetenzen in der ersten Fremdsprache geboten. Lese- und H\u00f6rverstehen wurden eingehend gepr\u00fcft, aber ausgerechnet<strong>bei den heiklen Bereichen Sprechen und Schreiben liegen keine Testergebnisse vor<\/strong>. Wie die seri\u00f6sen Untersuchungen der Zentralschweizer Bildungsdirektorenkonferenz aber zeigen, liegen genau da die Schwachstellen beim fr\u00fchen Sprachenlernen.<\/p>\n<p>Die gesamten Testergebnisse geben wenig klare Antworten. \u201eStarke Volksschule Z\u00fcrich\u201c ist nicht zufrieden mit den gewundenen Erkl\u00e4rungen der EDK und der Z\u00fcrcher Bildungsdirektion. <strong>In unserer Mitteilung an die Medien<\/strong>verlangen wir, dass die Ursachen f\u00fcr den Misserfolg aufgedeckt werden. Es ist von gr\u00f6sster Bedeutung, dass die Resultate von kritischen Forschern sorgf\u00e4ltig analysiert und kommentiert werden. Wir alle haben ein Recht zu wissen, was da in unserer Schule nicht rund l\u00e4uft.<\/p>\n<p>Es w\u00e4re aber jammerschade, wenn Sie vor lauter Pulverdampf um die EDK-Tests die grossartigen Essays und aufschlussreichen Berichte in unserem Newsletter \u00fcbersehen w\u00fcrden<strong>. Es sind fundierte Beitr\u00e4ge, <\/strong>die wirklich aufbauen und deren Lekt\u00fcre viel Freude bereiten wird. Lesen Sie, was <strong>Carl Bossard <\/strong>\u00fcber den Wert einer zuversichtlichen Grundhaltung im Unterricht schreibt und was namhafte Schulpraktiker zu den brennendsten Schulfragen zu sagen haben. Die Texte haben es in sich.<\/p>\n<p>Redaktion \u00abStarke Volksschule Z\u00fcrich\u00bb<\/p>\n<p><em>Hanspeter Amstutz<\/em><\/p>\n<h2>Inhalt<\/h2>\n<ul>\n<li>Verwirrende Testergebnisse und offene Fragen <br><span style=\"color: #808080; font-size: 10pt;\">Redaktion \u00abStarke Volksschule Z\u00fcrich\u00bb, 25.5.2019, Hanspeter Amstutz<\/span><\/li>\n<li>Setze den Stein nach der Richtschnur!<br><span style=\"color: #808080; font-size: 10pt;\">Condorcet Bildungsperspektiven 9.5.2019, von Carl Bossard<\/span><\/li>\n<li>Geheimsache Schwellenwerte <br><span style=\"font-size: 10pt; color: #808080;\">Condorcet Bildungsperspektiven 10.5.2019, von Walter Herzog<\/span><\/li>\n<li>Testergebnisse EDK am 24. Mai erwartet<br><span style=\"font-size: 10pt; color: #808080;\">Medienmitteilung \u00abStarke Volksschule Z\u00fcrich\u00bb 22.5.2019, Timotheus Bruderer<\/span><\/li>\n<li>Ein katastrophales Zeugnis f\u00fcr die Basler Schulen <br><span style=\"font-size: 10pt; color: #808080;\">NZZ 25.5.2019, J\u00f6rg Krummenacher<\/span><\/li>\n<li>Z\u00fcrich liegt im Mittelfeld und r\u00e4tselt \u00fcber gewisse Besonderheiten <br><span style=\"font-size: 10pt; color: #808080;\">NZZ 25.5.2019, Schweiz, Lena Schenkel<\/span><\/li>\n<li>Bildung und Erziehung, instruction et \u00e9ducation! Wo soll die Schule stehen? <br><span style=\"font-size: 10pt; color: #808080;\">Condorcet Bildungsperspektiven 22.5.2019, von Redaktion \u00abCondorcet Bildungsperspektive\u00bb<\/span><\/li>\n<li>Vom p\u00e4dagogischen Wert der Zuversicht <br><span style=\"color: #808080; font-size: 10pt;\">Journal21, 22.5.2019, von Carl Bossard<\/span><\/li>\n<li>Bildung: Mehr als Fitmachen f\u00fcr den Beruf<br><span style=\"color: #808080; font-size: 10pt;\">Galler Tagblatt 21.5.2019, Ansichten von Mario Andreotti<\/span><\/li>\n<li>Mut zur Freiheit <br><span style=\"color: #808080; font-size: 10pt;\">Schule Schweiz 7.5.2019, Urs Kalberer<\/span><\/li>\n<li>Unanst\u00e4ndiger Unterricht <br><span style=\"font-size: 10pt; color: #808080;\">NZZ 14.5.2019, Meinung &amp; Debatte, Seitenblick, von Konrad Paul Liessmann<\/span><\/li>\n<li>Bildung mit Werten statt nur mit Wissen <br><span style=\"font-size: 10pt; color: #808080;\">NZZ 17.5.2018, Z\u00fcrich und Region, Lena Schenkel<\/span><\/li>\n<li>Ern\u00fcchternde digitale Bildungsrevolution <br><span style=\"font-size: 10pt; color: #808080;\">NZZ 16.5.2019, Meinung &amp; Debatte, Gastkommentar von Klaus Zierer<\/span><\/li>\n<li>Wutsch\u00fcler: Lehrerpr\u00e4sident zieht Notbremse<br><span style=\"font-size: 10pt; color: #808080;\">Sonntagszeitung 12.5.2019, Denis von Burg, Ressortleiter Politik<\/span><\/li>\n<li>Viele meiner Sondersch\u00fcler sind Unternehmer geworden <br><span style=\"font-size: 10pt; color: #808080;\">SonntagsZeitung 12.5.2019, Leserbriefe zu \u00abEs braucht wieder Kleinklassen\u00bb vom 28.4.2019<\/span><\/li>\n<li>Was ist los mit unserem Geschichtsunterricht? <br><span style=\"font-size: 10pt; color: #808080;\">15.5.2019, Hanspeter Amstutz<\/span><\/li>\n<li>Veranstaltungshinweise <br>6.2019 Die Sprache ist das Tor zur Welt<\/li>\n<\/ul>\n\n\n\n<div class=\"wp-block-file\"><a href=\"https:\/\/www.starkevolksschulezh.ch\/wp-content\/uploads\/2019\/05\/Newsletter-190526.pdf\">Newsletter vom 26.5.2019<\/a><a href=\"https:\/\/www.starkevolksschulezh.ch\/wp-content\/uploads\/2019\/05\/Newsletter-190526.pdf\" class=\"wp-block-file__button\" download>Herunterladen<\/a><\/div>\n","protected":false},"excerpt":{"rendered":"<p>Verwirrende Testergebnisse und offene Fragen Bis jetzt waren die Schweizer Bildungsfachleute stolz auf das gute Abschneiden unserer Jugend bei den PISA-Tests im Bereich Mathematik. Und nun das: Die nationalen Erhebungen zeigen, dass bei den Grundanforderungen nur sechs von&nbsp;zehn Sch\u00fclern die Bildungsziele&nbsp;erreichen. Die Erziehungsdirektorenkonferenz ist ziemlich ratlos \u00fcber das unerwartete Resultat und versucht mit abenteuerlichen Begr\u00fcndungen <a href=\"https:\/\/www.starkevolksschulezh.ch\/?p=429\" class=\"more-link\">...weiterlesen<span class=\"screen-reader-text\"> \"Newsletter vom 26.5.2019\"<\/span><\/a><\/p>\n","protected":false},"author":1,"featured_media":0,"comment_status":"closed","ping_status":"closed","sticky":false,"template":"","format":"standard","meta":{"footnotes":""},"categories":[3],"tags":[],"class_list":{"0":"post-429","1":"post","2":"type-post","3":"status-publish","4":"format-standard","6":"category-newsletter","7":"h-entry","8":"hentry","9":"h-as-article"},"aioseo_notices":[],"_links":{"self":[{"href":"https:\/\/www.starkevolksschulezh.ch\/index.php?rest_route=\/wp\/v2\/posts\/429","targetHints":{"allow":["GET"]}}],"collection":[{"href":"https:\/\/www.starkevolksschulezh.ch\/index.php?rest_route=\/wp\/v2\/posts"}],"about":[{"href":"https:\/\/www.starkevolksschulezh.ch\/index.php?rest_route=\/wp\/v2\/types\/post"}],"author":[{"embeddable":true,"href":"https:\/\/www.starkevolksschulezh.ch\/index.php?rest_route=\/wp\/v2\/users\/1"}],"replies":[{"embeddable":true,"href":"https:\/\/www.starkevolksschulezh.ch\/index.php?rest_route=%2Fwp%2Fv2%2Fcomments&post=429"}],"version-history":[{"count":4,"href":"https:\/\/www.starkevolksschulezh.ch\/index.php?rest_route=\/wp\/v2\/posts\/429\/revisions"}],"predecessor-version":[{"id":437,"href":"https:\/\/www.starkevolksschulezh.ch\/index.php?rest_route=\/wp\/v2\/posts\/429\/revisions\/437"}],"wp:attachment":[{"href":"https:\/\/www.starkevolksschulezh.ch\/index.php?rest_route=%2Fwp%2Fv2%2Fmedia&parent=429"}],"wp:term":[{"taxonomy":"category","embeddable":true,"href":"https:\/\/www.starkevolksschulezh.ch\/index.php?rest_route=%2Fwp%2Fv2%2Fcategories&post=429"},{"taxonomy":"post_tag","embeddable":true,"href":"https:\/\/www.starkevolksschulezh.ch\/index.php?rest_route=%2Fwp%2Fv2%2Ftags&post=429"}],"curies":[{"name":"wp","href":"https:\/\/api.w.org\/{rel}","templated":true}]}}