{"id":339,"date":"2018-07-07T16:21:44","date_gmt":"2018-07-07T14:21:44","guid":{"rendered":"http:\/\/www.starkevolksschulezh.ch\/?p=339"},"modified":"2019-03-22T16:24:26","modified_gmt":"2019-03-22T15:24:26","slug":"newsletter-vom-8-7-2018","status":"publish","type":"post","link":"https:\/\/www.starkevolksschulezh.ch\/?p=339","title":{"rendered":"Newsletter vom 8.7.2018"},"content":{"rendered":"\n<div class=\"wp-block-file\"><a href=\"https:\/\/www.starkevolksschulezh.ch\/wp-content\/uploads\/2019\/03\/Newsletter-180708.pdf\">Newsletter vom 8.7.2018<\/a><a href=\"https:\/\/www.starkevolksschulezh.ch\/wp-content\/uploads\/2019\/03\/Newsletter-180708.pdf\" class=\"wp-block-file__button\" download>Herunterladen<\/a><\/div>\n\n\n\n<!--more-->\n\n\n\n<h2>Vom Kapit\u00e4n zum Erbsenz\u00e4hler<\/h2>\n<h3>Der neue Berufsauftrag setzt falsche Akzente und sorgt f\u00fcr Unruhe<\/h3>\n<p>H\u00f6rt man sich in diesen Tagen in den Lehrerzimmern um, so ist viel \u00c4rger \u00fcber den neuen Berufsauftrag zu sp\u00fcren. Dieser entspricht \u00fcberhaupt nicht den Vorstellungen, wie sie die Z\u00fcrcher Lehrerverb\u00e4nde vor zehn Jahren entwickelt hatten. Man erhoffte sich eine bessere \u00dcbersicht \u00fcber die immer vielf\u00e4ltigere Berufsarbeit und letztlich eine <strong>gerechtere Entl\u00f6hnung<\/strong>der Lehrerarbeit. Doch mit der Vorgabe, dass die Umsetzung des Berufsauftrags kostenneutral erfolgen m\u00fcsse, war klar, dass das Projekt von Anfang an arg in Schr\u00e4glage war. Statt die \u00dcbung abzubrechen oder wenigstens auf ein einfaches Konzept umzuschwenken, wurde ein <strong>engmaschiges Kontrollinstrument<\/strong>geschaffen, das jeden unternehmerischen Geist zu ersticken droht.<\/p>\n<p>Der f\u00fcr die Schulqualit\u00e4t entscheidende Unterricht wird jetzt in einer <strong>zeitlichen<\/strong><strong>Pauschale f\u00fcr jede Lektion<\/strong>erfasst. Es kommt dabei nicht darauf an, ob eine Lehrerin grossartige Vorbereitungen f\u00fcr eine Naturkundestunde trifft, stundenlang Sch\u00fcleraufs\u00e4tze korrigiert oder im krassen Gegensatz dazu alles Aufw\u00e4ndige reduziert. Die Pauschale ist zudem so bescheiden, dass sie p\u00e4dagogischen Einsatz im Unterricht schlecht belohnt.<\/p>\n<p>Bis auf die Minute genau nimmt man es hingegen bei der Zeiterfassung aller T\u00e4tigkeiten, die ausserhalb des Unterrichtsgeschehens stattfinden. War bis vor Kurzem der Lehrerberuf gepr\u00e4gt von einem <strong>verantwortungsbewussten Auftragsdenken<\/strong>, das ein kleinliches Aufrechnen von \u00dcberzeiten ausschloss, so droht nun ein b\u00fcrokratisches Erbsenz\u00e4hlen. Wer ausserhalb des Unterrichts mehr Arbeiten verrichtet und alles akribisch notiert, wird dabei besser wegkommen.<\/p>\n<p>Nicht \u00fcberraschend zeigt sich nun bei den meisten Lehrpersonen, dass ihre <strong>effektiv geleistete<\/strong><strong>Jahresarbeitszeit<\/strong>h\u00f6her ist als im Berufsauftrag durchschnittlich angenommen wird. Einige haben bereits ausgerechnet, dass sie sp\u00e4testens Mitte November die Schule einstellen m\u00fcssten, um ihre \u00dcberzeiten kompensieren zu k\u00f6nnen. Dass die ganze \u00dcbung bei den allermeisten Lehrerinnen und Lehrern ganz schlecht ankommt, erstaunt deshalb nicht. Politisch manifestiert sich die grosse Unzufriedenheit mit dem Berufsauftrag in <strong>zwei Veranstaltungen der Z\u00fcrcher Lehrerverb\u00e4nde<\/strong>nach den Sommerferien. Als Einstimmung auf die kommenden brisanten Auseinandersetzungen haben wir in dieser Ausgabe Berichte und Analysen zum Berufsauftrag an den Anfang gesetzt.<\/p>\n<p>Dass wir <strong>das Unterrichtsgeschehen und die Bedeutung starker Lernbeziehungen<\/strong>als zentral erachten, sehen Sie in weiteren spannenden Beitr\u00e4gen. Carl Bossard weist mit seinem brillanten Text \u00fcber die Entwicklung kindlicher Autonomie darauf hin, dass dialogisches Lernen eine Voraussetzung f\u00fcr erfolgreichen Unterricht ist.<\/p>\n<p>Zwei aufschlussreiche Beitr\u00e4ge von Mario Andreotti und Judith Barben setzten sich mit der ver\u00e4nderten Lehrerrolle und den \u00fcberbordenden Anforderungen an die Klassenlehrer auseinander. Dazu kommen lebendige Berichte aus dem Schulalltag eines Primarlehrers und einer Sekundarlehrerin.<\/p>\n<p>Schauen Sie kurz aufs Inhaltsverzeichnis. Sie werden sehen, dass f\u00fcr eine anregende Sommerlekt\u00fcre viel Stoff aus dem ganzen Bereich der Bildung vorhanden ist.<\/p>\n<p>Wir melden uns wieder Mitte August und w\u00fcnschen Ihnen erholsame Sommerferien.<\/p>\n<p>F\u00fcr die \u00abStarke Volksschule Z\u00fcrich\u00bb<\/p>\n<p><em>Hanspeter Amstutz<\/em><\/p>\n<h2>Inhalt<\/h2>\n<ul>\n<li>Vom Kapit\u00e4n zum Erbsenz\u00e4hler<\/li>\n<li>Lehrern l\u00e4uft die Zeit davon <br \/>\u00abSo steigert man Schulqualit\u00e4t nicht\u00bb<\/li>\n<li>\u201eDann frage ich halt die Eltern!\u201c<\/li>\n<li>Inklusion \u2013 Fortschritt oder R\u00fcckschritt?<\/li>\n<li>Lehrer \u2013 ein schwieriger Beruf in der Krise<\/li>\n<li>40 Jahre am Puls der Schweizer Sch\u00fcler <br \/>Kommentar<\/li>\n<li>Z\u00fcrcher Datensch\u00fctzer kritisiert den Einsatz von Whatsapp an Schulen<\/li>\n<li>Digitalisierung der Schule \u2013 ein Irrweg<\/li>\n<\/ul>\n\n\n\n<div class=\"wp-block-file\"><a href=\"https:\/\/www.starkevolksschulezh.ch\/wp-content\/uploads\/2019\/03\/Newsletter-180708.pdf\">Newsletter vom 8.7.2018<\/a><a href=\"https:\/\/www.starkevolksschulezh.ch\/wp-content\/uploads\/2019\/03\/Newsletter-180708.pdf\" class=\"wp-block-file__button\" download>Herunterladen<\/a><\/div>\n","protected":false},"excerpt":{"rendered":"","protected":false},"author":1,"featured_media":0,"comment_status":"closed","ping_status":"closed","sticky":false,"template":"","format":"standard","meta":{"footnotes":""},"categories":[3],"tags":[],"class_list":{"0":"post-339","1":"post","2":"type-post","3":"status-publish","4":"format-standard","6":"category-newsletter","7":"h-entry","8":"hentry","9":"h-as-article"},"aioseo_notices":[],"_links":{"self":[{"href":"https:\/\/www.starkevolksschulezh.ch\/index.php?rest_route=\/wp\/v2\/posts\/339","targetHints":{"allow":["GET"]}}],"collection":[{"href":"https:\/\/www.starkevolksschulezh.ch\/index.php?rest_route=\/wp\/v2\/posts"}],"about":[{"href":"https:\/\/www.starkevolksschulezh.ch\/index.php?rest_route=\/wp\/v2\/types\/post"}],"author":[{"embeddable":true,"href":"https:\/\/www.starkevolksschulezh.ch\/index.php?rest_route=\/wp\/v2\/users\/1"}],"replies":[{"embeddable":true,"href":"https:\/\/www.starkevolksschulezh.ch\/index.php?rest_route=%2Fwp%2Fv2%2Fcomments&post=339"}],"version-history":[{"count":1,"href":"https:\/\/www.starkevolksschulezh.ch\/index.php?rest_route=\/wp\/v2\/posts\/339\/revisions"}],"predecessor-version":[{"id":341,"href":"https:\/\/www.starkevolksschulezh.ch\/index.php?rest_route=\/wp\/v2\/posts\/339\/revisions\/341"}],"wp:attachment":[{"href":"https:\/\/www.starkevolksschulezh.ch\/index.php?rest_route=%2Fwp%2Fv2%2Fmedia&parent=339"}],"wp:term":[{"taxonomy":"category","embeddable":true,"href":"https:\/\/www.starkevolksschulezh.ch\/index.php?rest_route=%2Fwp%2Fv2%2Fcategories&post=339"},{"taxonomy":"post_tag","embeddable":true,"href":"https:\/\/www.starkevolksschulezh.ch\/index.php?rest_route=%2Fwp%2Fv2%2Ftags&post=339"}],"curies":[{"name":"wp","href":"https:\/\/api.w.org\/{rel}","templated":true}]}}