{"id":332,"date":"2018-09-01T14:03:32","date_gmt":"2018-09-01T12:03:32","guid":{"rendered":"http:\/\/www.starkevolksschulezh.ch\/?p=332"},"modified":"2019-03-22T14:05:00","modified_gmt":"2019-03-22T13:05:00","slug":"newsletter-vom-2-9-2018","status":"publish","type":"post","link":"https:\/\/www.starkevolksschulezh.ch\/?p=332","title":{"rendered":"Newsletter vom 2.9.2018"},"content":{"rendered":"\n<div class=\"wp-block-file\"><a href=\"https:\/\/www.starkevolksschulezh.ch\/wp-content\/uploads\/2019\/03\/Newsletter-180902.pdf\">Newsletter 2.9.2018<\/a><a href=\"https:\/\/www.starkevolksschulezh.ch\/wp-content\/uploads\/2019\/03\/Newsletter-180902.pdf\" class=\"wp-block-file__button\" download>Herunterladen<\/a><\/div>\n\n\n\n<!--more-->\n\n\n\n<h2>N\u00f6tig sind starke Lehrerinnen und Lehrer<\/h2>\n<p>Die j\u00fcngsten Beitr\u00e4ge namhafter Redaktoren grosser Zeitungen zur aktuellen Schulentwicklung lassen aufhorchen. Die Sonntagszeitung berichtet von zunehmendem <strong>Burn-out von Kindern im Primarschulalter<\/strong>. Im Kommentar nimmt der Chefredaktor kein Blatt vor den Mund. Arthur Rutishauser kritisiert die <strong>unsinnige Betriebsamkeit<\/strong>an unseren Schulen mit ihren \u00fcberladenen Programmen und den \u00fcberzogenen Erwartungen der Gesellschaft an die M\u00f6glichkeiten der Volksschule. Die Best\u00e4tigung, dass die Redaktion der Sonntagszeitung den Nagel auf den Kopf getroffen hat, kommt prompt in Form unz\u00e4hliger Leserzuschriften mit eindr\u00fccklichen Schilderungen.<\/p>\n<p>Andere Beitr\u00e4ge befassen sich mit den <strong>gef\u00e4hrlichen Dauerbaustellen unseres<\/strong><strong>Bildungssystems<\/strong>. Alles, was die Bildungspolitik schon jahrelang vor sich herschiebt, scheint auf einmal diskussionsw\u00fcrdig zu sein. Die fehlenden Heilp\u00e4dagogen, das gescheiterte Sonderp\u00e4dagogische Konzept, die Digitalisierung auf allen Stufen, Handyverbote an Schulen und eine bessere Medienerziehung f\u00fcllen die Forumsseiten. Neu ist, dass die kritischen Beitr\u00e4ge zur Schulentwicklung dominieren. Da wirken die besch\u00f6nigenden Stellungnahmen der Bildungsdirektion zum Lehrermangel oder zur erfolgreichen Umsetzung des Lehrplans 21 ziemlich blass dagegen.<\/p>\n<p>Offensichtlich scheint die Phase der grossen Versprechungen durch <strong>eine realistischere<\/strong><strong>Sicht der Dinge<\/strong>abgel\u00f6st zu werden. Unz\u00e4hlige beginnen sich die Augen zu reiben und fragen sich, weshalb denn bei vielen Reformschritten der Erfolg noch immer auf sich warten l\u00e4sst. Selbst bei einigen Lehrerverb\u00e4nden scheint die Geduld \u00fcber Reformen, bei denen die Ressourcen fehlen, am Ende zu sein. Ganz gewaltig rumort es bei den Z\u00fcrcher Lehrerverb\u00e4nden, die den <strong>superb\u00fcrokratischen Berufsauftrag<\/strong>am liebsten bachab schicken w\u00fcrden. Zu Recht schimpft die Basis \u00fcber die G\u00e4ngelung durch ein kleinkariertes Steuerungssystem, das die bisherige Eigenverantwortung der Z\u00fcrcher Lehrerschaft untergr\u00e4bt.<\/p>\n<p>Doch Schimpfen allein n\u00fctzt nichts. In Zeiten der p\u00e4dagogischen Verunsicherung und des Ringens verschiedenster Akteure um die F\u00fchrung in Schulfragen, braucht es <strong>eine klar<\/strong><strong>vernehmbare Stimme der Lehrerschaft<\/strong>. Verunsicherte Eltern m\u00f6chten wissen, was die Lehrerschaft von gewissen Reformen im Schulwesen h\u00e4lt. Ganz unverhohlen stellt die NZZ in ihrer neusten Bildungsbeilage die Frage, wer denn die Schulen regiert. Ist es der \u201ebildungsindustrielle Komplex\u201c aus p\u00e4dagogischer Wissenschaft und digitalen Konzernen, wie im Leitartikel ausgef\u00fchrt wird? Sicher ist, dass eine <strong>kulturell verankerte<\/strong><strong>P\u00e4dagogik ein zu hohes Gut<\/strong>ist, um sie Betriebswirtschaftern und Theoretikern zu \u00fcberlassen. Schulunterricht ist nicht einfach von oben herab plan- und steuerbar.<\/p>\n<p>Die Lehrerschaft muss in Bildungspolitik und Forschung bei Grundsatzfragen als Dialogpartner auf Augenh\u00f6he wahrgenommen werden. Dazu braucht es einen besseren Zusammenschluss engagierter Lehrerinnen und Lehrer. Die Vertreter der Lehrerverb\u00e4nde d\u00fcrfen <strong>einen fairen Kampf nicht scheuen<\/strong>, wenn es die Sache erfordert. Dabei m\u00fcssen sie an Resultaten und nicht an Worten gemessen werden. Weit \u00fcberzogene Bildungserwartungen sind zur\u00fcckzuweisen und wichtige Neuerungen auf ihren p\u00e4dagogischen Wert hin zu pr\u00fcfen. Auch die Lehrerrolle darf mutiger interpretiert werden. Erfolgreiches Unterrichten erfordert gut gebildete Pers\u00f6nlichkeiten, die eine Klasse mit unternehmerischen Qualit\u00e4ten f\u00fchren k\u00f6nnen. <strong>Nicht brav Ausf\u00fchrende <\/strong>sind gefragt, sondern<strong>starke Lehrerinnen und Lehrer <\/strong>mit unabh\u00e4ngigem Denken und p\u00e4dagogischer Begeisterungsf\u00e4higkeit.<\/p>\n<p>Liebe Leserinnen und Leser, unser aktueller Newsletter ist ein Spiegel gehaltvoller Beitr\u00e4ge zur aktuellen Schulentwicklung. Gew\u00fcrzt wird das Ganze mit ausgezeichneten Leserbriefen auf den Forumsseiten der Printmedien. Die Lekt\u00fcre lohnt sich.<\/p>\n<p>Redaktion \u201eStarke Volksschule Z\u00fcrich\u201c<\/p>\n<p><em>Hanspeter Amstutz<\/em><\/p>\n<h1>Inhalt<\/h1>\n<ul>\n<li>N\u00f6tig sind starke Lehrerinnen und Lehrer<\/li>\n<li>Bildungspanik und Schulstress<\/li>\n<li>Der bildungsindustrielle Komplex<\/li>\n<li>\u00abDas ist vernichtend\u00bb<\/li>\n<li>Gesellschaftliches Umdenken tut not<\/li>\n<li>Schluss mit der Fixierung aufs Digitale!<\/li>\n<li>Lieber sp\u00e4ter in die 1. Klasse<\/li>\n<li>Jeder dritte Sch\u00fcler leidet an Burn-out-Symptomen <br \/>Leserbriefe<\/li>\n<li>Burnout bei Sch\u00fclern nimmt erschreckende Ausmasse an<\/li>\n<li>Sind da wirklich einfach nur die Eltern schuld?<\/li>\n<li>Abwertung des Lehrerberufs<\/li>\n<li>Zu wenig Zeit, individuell zu f\u00f6rdern<\/li>\n<li>Vieles vergessen<\/li>\n<li>Postulat zur Sonderp\u00e4dagogik im Kanton Z\u00fcrich<br \/>Kommentar von Anita Borer<\/li>\n<li>Veranstaltungshinweise<br \/>\u00d6ffentlicher Vortrag \u00fcber aktuelle Schulreformen sowie den Lehrplan 21 <br \/>Schule und P\u00e4diatrie im transkulturellen Spannungsfeld<br \/>Bildschirmmedien und Kinder<\/li>\n<\/ul>\n<p>\u00a0<\/p>\n\n\n\n<div class=\"wp-block-file\"><a href=\"https:\/\/www.starkevolksschulezh.ch\/wp-content\/uploads\/2019\/03\/Newsletter-180902.pdf\">Newsletter 2.9.2018<\/a><a href=\"https:\/\/www.starkevolksschulezh.ch\/wp-content\/uploads\/2019\/03\/Newsletter-180902.pdf\" class=\"wp-block-file__button\" download>Herunterladen<\/a><\/div>\n\n\n","protected":false},"excerpt":{"rendered":"","protected":false},"author":1,"featured_media":0,"comment_status":"closed","ping_status":"closed","sticky":false,"template":"","format":"standard","meta":{"footnotes":""},"categories":[3],"tags":[],"class_list":{"0":"post-332","1":"post","2":"type-post","3":"status-publish","4":"format-standard","6":"category-newsletter","7":"h-entry","8":"hentry","9":"h-as-article"},"aioseo_notices":[],"_links":{"self":[{"href":"https:\/\/www.starkevolksschulezh.ch\/index.php?rest_route=\/wp\/v2\/posts\/332","targetHints":{"allow":["GET"]}}],"collection":[{"href":"https:\/\/www.starkevolksschulezh.ch\/index.php?rest_route=\/wp\/v2\/posts"}],"about":[{"href":"https:\/\/www.starkevolksschulezh.ch\/index.php?rest_route=\/wp\/v2\/types\/post"}],"author":[{"embeddable":true,"href":"https:\/\/www.starkevolksschulezh.ch\/index.php?rest_route=\/wp\/v2\/users\/1"}],"replies":[{"embeddable":true,"href":"https:\/\/www.starkevolksschulezh.ch\/index.php?rest_route=%2Fwp%2Fv2%2Fcomments&post=332"}],"version-history":[{"count":1,"href":"https:\/\/www.starkevolksschulezh.ch\/index.php?rest_route=\/wp\/v2\/posts\/332\/revisions"}],"predecessor-version":[{"id":334,"href":"https:\/\/www.starkevolksschulezh.ch\/index.php?rest_route=\/wp\/v2\/posts\/332\/revisions\/334"}],"wp:attachment":[{"href":"https:\/\/www.starkevolksschulezh.ch\/index.php?rest_route=%2Fwp%2Fv2%2Fmedia&parent=332"}],"wp:term":[{"taxonomy":"category","embeddable":true,"href":"https:\/\/www.starkevolksschulezh.ch\/index.php?rest_route=%2Fwp%2Fv2%2Fcategories&post=332"},{"taxonomy":"post_tag","embeddable":true,"href":"https:\/\/www.starkevolksschulezh.ch\/index.php?rest_route=%2Fwp%2Fv2%2Ftags&post=332"}],"curies":[{"name":"wp","href":"https:\/\/api.w.org\/{rel}","templated":true}]}}