{"id":310,"date":"2018-11-11T11:32:15","date_gmt":"2018-11-11T10:32:15","guid":{"rendered":"http:\/\/www.starkevolksschulezh.ch\/?p=310"},"modified":"2019-03-22T14:01:53","modified_gmt":"2019-03-22T13:01:53","slug":"newsletter-vom-11-11-2018","status":"publish","type":"post","link":"https:\/\/www.starkevolksschulezh.ch\/?p=310","title":{"rendered":"Newsletter vom 11.11.2018"},"content":{"rendered":"\n<div class=\"wp-block-file\"><a href=\"https:\/\/www.starkevolksschulezh.ch\/wp-content\/uploads\/2019\/03\/Newsletter-181111.pdf\">Newsletter 11.11.2018<\/a><a href=\"https:\/\/www.starkevolksschulezh.ch\/wp-content\/uploads\/2019\/03\/Newsletter-181111.pdf\" class=\"wp-block-file__button\" download>Herunterladen<\/a><\/div>\n\n\n\n<!--more-->\n\n\n\n<h2>Hat die Schule Zeit f\u00fcr wesentliche Bildung?<\/h2>\n<p><strong>Unsere Gesellschaft ist im Umbruch.<\/strong>Das sp\u00fcrt man an allen Ecken und Enden. Die Welt wird digitalisiert, globalisiert und immer breiter informiert. Es mangelt nicht an grossen Zukunftsvisionen, die einen neuen Lebensstil verk\u00fcnden. Zeiten des Umbruchs sorgen aber auch f\u00fcr viel Unruhe und l\u00f6sen \u00c4ngste aus. Der schnelle Austausch von Informationen und Meinungen verl\u00e4uft leider kaum noch so, wie es sich die innovativen Erfinder des weltweiten Netzes vorgestellt haben. Die Kurznachrichtenflut deckt viele Menschen fast zu, sodass sie mit dem Beantworten der Botschaften kaum noch nachkommen. Dazu kommt ein <strong>riesiges Informationsangebot<\/strong>, bei dem es schwierig ist, die Spreu vom Weizen zu unterscheiden. Besonders f\u00fcr die von den neuen Medien faszinierte j\u00fcngere Generation ist es alles andere als einfach, einen souver\u00e4nen Umgang mit den vielen News zu finden.<\/p>\n<p>Wie immer in solchen F\u00e4llen, ist es die Schule, die Abhilfe schaffen soll. \u00dcberforderte Eltern, deren Kinder t\u00e4glich stundenlang im Netz sind, atmen auf, weil jetzt das Fach Medienkunde eingef\u00fchrt wird. Neben der Vermittlung von digitalen Grundtechniken soll das neue Fach auch eine kritische Distanz zum Medienangebot schaffen, indem es die Kinder zu <strong>kritischen Medienkonsumenten<\/strong>erzieht. Ein grosses Ziel!<\/p>\n<p>Doch so einfach geht das nicht. <strong>Der Weg zu einem kritischen Urteilsverm\u00f6gen ist lang.<\/strong>Das Verstehen wichtiger Zusammenh\u00e4nge basiert auf einer soliden Allgemeinbildung und setzt gute muttersprachliche Kenntnisse voraus. Doch in beiden Bereichen ist die Lektionenzahl knapp geworden, weil andere F\u00e4cher wie die Fremdsprachen mehr Platz beanspruchen. Sch\u00fcler, die im Fach Geschichte nur rudiment\u00e4r mit den grossen politischen Themen des 20.Jahrhundert konfrontiert werden, haben zweifellos Bildungsdefizite. Dieses Manko prim\u00e4r den Lehrpersonen anzulasten w\u00e4re aber verfehlt. Wie soll ein ertragreicher Geschichtsunterricht gestaltet werden, wenn nur noch eine Wochenstunde f\u00fcr das Fach gew\u00e4hrt wird?<\/p>\n<p>Das aktuelle Bildungsprogramm des neuen Lehrplans befindet sich in einem <strong>Widerspruch zwischen grossen Bildungsversprechungen und dem Zeitbudget der Lektionentafeln.<\/strong>Es ist ein Irrtum zu glauben, der Bildungsoutput k\u00f6nne wie bei neuen&nbsp; Computermodellen von Jahr zu Jahr gesteigert werden. Gute Bildung braucht Zeit und p\u00e4dagogische Musse, wenn sie gelingen soll. Wir m\u00fcssen uns entscheiden, wo wir die Hauptakzente setzen wollen und was weggelassen werden kann. Medienkunde hat eine gewisse Priorit\u00e4t. Aber ohne einen <strong>sorgf\u00e4ltigen Aufbau des Basiswissens in Mensch und<\/strong><strong>Umwelt<\/strong>bleibt das Fach isoliert und wenig wirksam.<\/p>\n<p>Was f\u00fcr die Medienkunde gilt, kann auch auf andere Unterrichtsbereiche \u00fcbertragen werden. <strong>Weniger ist mehr.<\/strong>Gr\u00fcndliche und gut vernetzte Bildung ist nachhaltiger als jedes noch so bunte Bildungsprogramm, das auf die Erf\u00fcllung vielf\u00e4ltiger Versprechungen angelegt ist. Kinder und Jugendliche sollen Wesentliches lernen und sich mit spannenden Themen auseinandersetzen k\u00f6nnen. <strong>Aber sie d\u00fcrfen nicht durch die Bildungslandschaft gehetzt werden. <\/strong><\/p>\n<p>Liebe Leserinnen und Leser, der aktuelle Newsletter nimmt die Frage auf, <strong>worauf es beim Lernen ankommt<\/strong>und welche Inhalte eine zentrale Rolle spielen. Mit dem erhellenden Startbeitrag von <strong>Carl<\/strong><strong>Bossard<\/strong>werden Sie gleich mitten ins erw\u00e4hnte Thema gef\u00fchrt. Es geht dann weiter mit Erkenntnissen aus gescheiterten Schulexperimenten in Schweden und mit einem Beitrag \u00fcber die Bedeutung des Geschichtsunterrichts f\u00fcr das politische Urteilsverm\u00f6gen. Weitere Schwerpunkte bilden die Schulinseln f\u00fcr verhaltensauff\u00e4llige Sch\u00fcler sowie das h\u00f6chst umstrittene Schreiben nach Geh\u00f6r.&nbsp;<\/p>\n<p>Werfen Sie einen Blick hinein, lassen Sie sich ein St\u00fcck weit mitf\u00fchren und melden Sie uns, was Ihnen gefallen oder allenfalls missfallen hat. Wir freuen uns \u00fcber R\u00fcckmeldungen.<\/p>\n<p>F\u00fcr die Redaktion \u00abStarke Volksschule Z\u00fcrich\u00bb<\/p>\n<p><em>Hanspeter Amstutz<\/em><\/p>\n<h2>Inhalt<\/h2>\n<ul>\n<li>Hat die Schule Zeit f\u00fcr wesentliche Bildung?<\/li>\n<li>Bildung braucht \u201eschol\u00e9\u201c<\/li>\n<li>Was man von Schwedens Schule lernen kann<\/li>\n<li>Zeit f\u00fcr eine Denkpause<\/li>\n<li>Ein Etappensieg der p\u00e4dagogischen Vernunft<\/li>\n<li>Deutsch lernen im Geschichtsunterricht<\/li>\n<li>In Nidwalden ist der \u00abschbas\u00bb vorbei<\/li>\n<li>Kinder haben ein Recht auf korrekte Schulung<br>Zuschriften<\/li>\n<li>Integrative Schule: \u00abDie Qualit\u00e4t der Volksschule ist in Gefahr\u00bb<\/li>\n<li>Schulinseln sorgen f\u00fcr ruhigere Klassenzimmer<\/li>\n<li>Eine Insel f\u00fcr Verhaltensauff\u00e4llige<\/li>\n<li>Integration in der Schule<\/li>\n<li>\u00abNicht akzeptierbares Verhalten ist ein Problem des ganzen Schulhauses\u00bb<\/li>\n<li>Veranstaltungshinweise <br>Was ist Bildung? Von welcher Lebensschulung profitieren unsere Kinder <br>Bildungspolitik auf dem Holzweg?<\/li>\n<\/ul>\n<p>&nbsp;<\/p>\n\n\n\n<div class=\"wp-block-file\"><a href=\"https:\/\/www.starkevolksschulezh.ch\/wp-content\/uploads\/2019\/03\/Newsletter-181111.pdf\">Newsletter 11.11.2018<\/a><a href=\"https:\/\/www.starkevolksschulezh.ch\/wp-content\/uploads\/2019\/03\/Newsletter-181111.pdf\" class=\"wp-block-file__button\" download>Herunterladen<\/a><\/div>\n","protected":false},"excerpt":{"rendered":"","protected":false},"author":1,"featured_media":0,"comment_status":"closed","ping_status":"closed","sticky":false,"template":"","format":"standard","meta":{"footnotes":""},"categories":[3],"tags":[],"class_list":{"0":"post-310","1":"post","2":"type-post","3":"status-publish","4":"format-standard","6":"category-newsletter","7":"h-entry","8":"hentry","9":"h-as-article"},"aioseo_notices":[],"_links":{"self":[{"href":"https:\/\/www.starkevolksschulezh.ch\/index.php?rest_route=\/wp\/v2\/posts\/310","targetHints":{"allow":["GET"]}}],"collection":[{"href":"https:\/\/www.starkevolksschulezh.ch\/index.php?rest_route=\/wp\/v2\/posts"}],"about":[{"href":"https:\/\/www.starkevolksschulezh.ch\/index.php?rest_route=\/wp\/v2\/types\/post"}],"author":[{"embeddable":true,"href":"https:\/\/www.starkevolksschulezh.ch\/index.php?rest_route=\/wp\/v2\/users\/1"}],"replies":[{"embeddable":true,"href":"https:\/\/www.starkevolksschulezh.ch\/index.php?rest_route=%2Fwp%2Fv2%2Fcomments&post=310"}],"version-history":[{"count":2,"href":"https:\/\/www.starkevolksschulezh.ch\/index.php?rest_route=\/wp\/v2\/posts\/310\/revisions"}],"predecessor-version":[{"id":330,"href":"https:\/\/www.starkevolksschulezh.ch\/index.php?rest_route=\/wp\/v2\/posts\/310\/revisions\/330"}],"wp:attachment":[{"href":"https:\/\/www.starkevolksschulezh.ch\/index.php?rest_route=%2Fwp%2Fv2%2Fmedia&parent=310"}],"wp:term":[{"taxonomy":"category","embeddable":true,"href":"https:\/\/www.starkevolksschulezh.ch\/index.php?rest_route=%2Fwp%2Fv2%2Fcategories&post=310"},{"taxonomy":"post_tag","embeddable":true,"href":"https:\/\/www.starkevolksschulezh.ch\/index.php?rest_route=%2Fwp%2Fv2%2Ftags&post=310"}],"curies":[{"name":"wp","href":"https:\/\/api.w.org\/{rel}","templated":true}]}}