{"id":29,"date":"2019-02-17T17:36:25","date_gmt":"2019-02-17T16:36:25","guid":{"rendered":"https:\/\/www.starkevolksschulezh.ch\/?p=29"},"modified":"2019-03-14T09:00:59","modified_gmt":"2019-03-14T08:00:59","slug":"newsletter-vom-17-2-2019","status":"publish","type":"post","link":"https:\/\/www.starkevolksschulezh.ch\/?p=29","title":{"rendered":"Newsletter vom 17.2.2019"},"content":{"rendered":"\n<div class=\"wp-block-file\"><a href=\"https:\/\/www.starkevolksschulezh.ch\/wp-content\/uploads\/2019\/03\/Newsletter-190217.pdf\">Newsletter vom 17.2.2019<\/a><a href=\"https:\/\/www.starkevolksschulezh.ch\/wp-content\/uploads\/2019\/03\/Newsletter-190217.pdf\" class=\"wp-block-file__button\" download>Herunterladen<\/a><\/div>\n\n\n\n<!--more-->\n\n\n\n<h2 class=\"wp-block-heading\">Welche Schule f\u00fcr unsere Kinder?<\/h2>\n\n\n\n<p>Dieser essentiellen Frage stellen wir uns auch in diesem Newsletter von neuem. Anita Borer beantwortet sie im Z\u00fcrcher Oberl\u00e4nder ebenso wie die Referenten und das Publikum an der gut besuchten Podiumsdiskussion des Vereins \u00abStarke Volksschule Z\u00fcrich\u00bb oder wie die vielen Verfasser guter Leserbriefe: Die Lehrer sollen ihren Klassen das Grundlagenwissen und die notwendigen Fertigkeiten vermitteln; die Kinder brauchen keine digitalisierten Einzelkojen in teuren Lernlandschaften, sondern eine Lehrerin, die ihre Freude am Lernen weckt und ihnen den Mut gibt, sich wieder aufzurappeln, wenn etwas schief geht.&nbsp;<\/p>\n\n\n\n<p>Schreiben nach Geh\u00f6r oder gleich richtig? So die n\u00e4chste Frage. Dass unkorrigiertes Drauflosschreiben \u00abFreude und Motivation beim Lernen\u00bb f\u00f6rdere, wird durch h\u00e4ufige Wiederholung nicht weniger falsch. Erfunden wurde diese Fehlinformation jedenfalls nicht von der zitierten Primarschulpflege, sondern sie stammt von \u00abganz oben\u00bb (EDK, PHs). Umso schlimmer f\u00fcr unsere lerneifrigen Primarsch\u00fcler, die ohne die unverzichtbaren Lehrerkorrekturen im Stich gelassen werden und schlimmstenfalls noch als Erwachsene unsicher sein werden beim Schreiben.&nbsp;<\/p>\n\n\n\n<p>Geradezu unsozial ist die Forderung, fremdsprachige Eltern h\u00e4tten daf\u00fcr zu sorgen, dass ihre vierj\u00e4hrigen Kinder beim Eintritt in den Kindergarten deutsch \/ schweizerdeutsch verstehen und sprechen. Es schl\u00e4ckt's k\u00e4 Geiss weg: Die Volksschule hat die Verantwortung f\u00fcr eine m\u00f6glichst hohe Chancengleichheit f\u00fcr alle Kinder \u2013 diese Verantwortung darf sie nicht auf die Eltern abschieben. In elf Jahren k\u00f6nnte jedes Kind deutsch reden, schreiben und lesen lernen, aber das funktioniert halt nicht mit kompetenzorientiertem und selbstorganisiertem Tun in altersdurchmischten Grossklassen.&nbsp;<\/p>\n\n\n\n<p>Auch der \u00abHeilp\u00e4dagoge light\u00bb bleibt Flickwerk, wie die echten Experten, die erfahrenen Lehrkr\u00e4fte n\u00e4mlich, in ihren Kommentaren festhalten: Damit wird das untaugliche Inklusionskonstrukt nicht tauglicher. Zur\u00fcck auf Feld 1, verlangen sie, zu den Kleinklassen, die auf die jeweiligen Bed\u00fcrfnisse der Kinder zugeschnitten sind, und zum Klassenunterricht.<\/p>\n\n\n\n<p>Nach diesem Rundgang durch das Dickicht fragw\u00fcrdiger Schulreformen und unbrauchbarer Notmassnahmen gelangen wir schliesslich zum Ausgangspunkt unseres Newsletters. \u00abOrientierung kommt aus dem Ganzen\u00bb schreibt Carl Bossard; schon Aristoteles habe gewusst, dass das Ganze mehr ist als die Summe der einzelnen Teile. Vielleicht sollten die praxisfernen Reformer Aristoteles lesen? Oder sonst etwas Vern\u00fcnftiges?<\/p>\n\n\n\n<p>Wir w\u00fcnschen unterhaltsame Lekt\u00fcre!&nbsp;<\/p>\n\n\n\n<p>F\u00fcr das Redaktionsteam:&nbsp;<\/p>\n\n\n\n<p><em>Marianne W\u00fcthrich<\/em><\/p>\n\n\n\n<h2 class=\"wp-block-heading\">Inhalt&nbsp;<\/h2>\n\n\n\n<ul class=\"wp-block-list\"><li>Welche Schule f\u00fcr unsere Kinder?&nbsp;<\/li><li>Orientierung kommt aus dem Ganzen<\/li><li>Schule mit Zukunft \u2013 was braucht es?<\/li><li>Vil schbas baim korigiren!&nbsp;<\/li><li>Anita Borer bef\u00fcrchtet negative Aspekte von \u00abSchreiben nach Geh\u00f6r\u00bb<\/li><li>Sprechen Kinderg\u00e4rtler schlecht Deutsch, sollen die Eltern zahlen<\/li><li>Podiumsveranstaltung des Vereins \u00abStarke Volksschule Z\u00fcrich\u00bb&nbsp;<\/li><li>\u00abKonstante Bezugspersonen\u00bb&nbsp;<br>Von der offenen Vision zum praxisfernen Dogma<\/li><li>Interview mit Silvia Steiner&nbsp;<\/li><li>Einspruch! 2<\/li><li>Veranstaltungshinweise&nbsp;<br>Das Lernen der Kinder ins Zentrum stellen&nbsp;<br>Autismus \u2013 eine Diagnose mit vielen Facetten&nbsp;<br>4.5.2019: Time for Change? \u2013 Teil II: Im Hamsterrad<\/li><\/ul>\n\n\n\n<div class=\"wp-block-file\"><a href=\"https:\/\/www.starkevolksschulezh.ch\/wp-content\/uploads\/2019\/03\/Newsletter-190217.pdf\">Newsletter vom 17.2.2019<\/a><a href=\"https:\/\/www.starkevolksschulezh.ch\/wp-content\/uploads\/2019\/03\/Newsletter-190217.pdf\" class=\"wp-block-file__button\" download>Herunterladen<\/a><\/div>\n","protected":false},"excerpt":{"rendered":"<p><!-- wp:heading --><\/p>\n<h2>Welche Schule f\u00fcr unsere Kinder?<\/h2>\n<p><!-- \/wp:heading --><\/p>\n<p><!-- wp:paragraph --><\/p>\n<p>Dieser essentiellen Frage stellen wir uns auch in diesem Newsletter von neuem. Anita Borer beantwortet sie im Z\u00fcrcher Oberl\u00e4nder ebenso wie die Referenten und das Publikum an der gut besuchten Podiumsdiskussion des Vereins \u00abStarke Volksschule Z\u00fcrich\u00bb oder wie die vielen Verfasser guter Leserbriefe: Die Lehrer sollen ihren Klassen das Grundlagenwissen und die notwendigen Fertigkeiten vermitteln; die Kinder brauchen keine digitalisierten Einzelkojen in teuren Lernlandschaften, sondern eine Lehrerin, die ihre Freude am Lernen weckt und ihnen den Mut gibt, sich wieder aufzurappeln, wenn etwas schief geht.&nbsp;<\/p>\n<p><!-- \/wp:paragraph --><\/p>\n","protected":false},"author":1,"featured_media":0,"comment_status":"closed","ping_status":"closed","sticky":false,"template":"","format":"standard","meta":{"footnotes":""},"categories":[3],"tags":[],"class_list":{"0":"post-29","1":"post","2":"type-post","3":"status-publish","4":"format-standard","6":"category-newsletter","7":"h-entry","8":"hentry","9":"h-as-article"},"aioseo_notices":[],"_links":{"self":[{"href":"https:\/\/www.starkevolksschulezh.ch\/index.php?rest_route=\/wp\/v2\/posts\/29","targetHints":{"allow":["GET"]}}],"collection":[{"href":"https:\/\/www.starkevolksschulezh.ch\/index.php?rest_route=\/wp\/v2\/posts"}],"about":[{"href":"https:\/\/www.starkevolksschulezh.ch\/index.php?rest_route=\/wp\/v2\/types\/post"}],"author":[{"embeddable":true,"href":"https:\/\/www.starkevolksschulezh.ch\/index.php?rest_route=\/wp\/v2\/users\/1"}],"replies":[{"embeddable":true,"href":"https:\/\/www.starkevolksschulezh.ch\/index.php?rest_route=%2Fwp%2Fv2%2Fcomments&post=29"}],"version-history":[{"count":4,"href":"https:\/\/www.starkevolksschulezh.ch\/index.php?rest_route=\/wp\/v2\/posts\/29\/revisions"}],"predecessor-version":[{"id":185,"href":"https:\/\/www.starkevolksschulezh.ch\/index.php?rest_route=\/wp\/v2\/posts\/29\/revisions\/185"}],"wp:attachment":[{"href":"https:\/\/www.starkevolksschulezh.ch\/index.php?rest_route=%2Fwp%2Fv2%2Fmedia&parent=29"}],"wp:term":[{"taxonomy":"category","embeddable":true,"href":"https:\/\/www.starkevolksschulezh.ch\/index.php?rest_route=%2Fwp%2Fv2%2Fcategories&post=29"},{"taxonomy":"post_tag","embeddable":true,"href":"https:\/\/www.starkevolksschulezh.ch\/index.php?rest_route=%2Fwp%2Fv2%2Ftags&post=29"}],"curies":[{"name":"wp","href":"https:\/\/api.w.org\/{rel}","templated":true}]}}