{"id":261,"date":"2018-12-08T15:39:11","date_gmt":"2018-12-08T14:39:11","guid":{"rendered":"https:\/\/www.starkevolksschulezh.ch\/?p=261"},"modified":"2019-03-14T15:45:48","modified_gmt":"2019-03-14T14:45:48","slug":"newsletter-vom-9-12-2018","status":"publish","type":"post","link":"https:\/\/www.starkevolksschulezh.ch\/?p=261","title":{"rendered":"Newsletter vom 9.12.2018"},"content":{"rendered":"\n<div class=\"wp-block-file\"><a href=\"https:\/\/www.starkevolksschulezh.ch\/wp-content\/uploads\/2019\/03\/Newsletter-181209.pdf\">Newsletter vom 9.12.2018<\/a><a href=\"https:\/\/www.starkevolksschulezh.ch\/wp-content\/uploads\/2019\/03\/Newsletter-181209.pdf\" class=\"wp-block-file__button\" download>Herunterladen<\/a><\/div>\n\n\n\n<!--more-->\n\n\n\n<h1>Ermutigender Einspruch<\/h1>\n<p>Gegen Ende Jahr ist es \u00fcblich, <strong>Bilanz zu ziehen<\/strong>. Ja, was hat sich denn in der Schweizer Bildungspolitik im vergangenen Jahr an Wesentlichem ereignet? Zufrieden werden die Bildungspolitiker darauf hinweisen, dass sie den neuen Lehrplan ohne weitere Gegenwehr \u00fcberall einf\u00fchren k\u00f6nnen und die Harmonisierung der Bildung auf guten Wegen ist. Dar\u00fcber hinaus ist man stolz, dass mit dem <strong>neuen Lehrplan ein verbindliches Steuerungsinstrument<\/strong>geschaffen wurde. Nun kann der Kurs der Schule klar bestimmt werden und der Erfolg scheint garantiert. Die Erziehungsdirektoren sind \u00fcberzeugt, dass sie ihre bildungspolitischen Hausaufgaben gel\u00f6st haben und deshalb die Deutschschweizer EDK aufl\u00f6sen k\u00f6nnen.<\/p>\n<p>Doch ein Blick in die Schulstuben zeigt, dass<strong>die heissen Eisen der Bildungspolitik \u00fcberhaupt nicht angefasst wurden<\/strong>. Der Mangel an Lehrern (bewusst m\u00e4nnliche Form) an der Volksschule spitzt sich dramatisch zu. Bei der leidigen Frage der schulischen Integration schwieriger Sch\u00fcler in die Regelklassen ist man keinen Schritt weitergekommen und die Verunsicherung \u00fcber die Rolle der Lehrkr\u00e4fte hat ein f\u00fcr die Schule sch\u00e4dliches Mass erreicht. Passend zur Gesamtsituation sind die heftigen Auseinandersetzungen \u00fcber den kleinkarierten Berufsauftrag im Kanton Z\u00fcrich.<\/p>\n<p>F\u00fcr Aussenstehende ist eine Beurteilung des Zustands unserer Volksschule \u00e4usserst schwierig. L\u00e4uft es nun wie geschmiert oder ist im Gegenteil sehr viel Sand im Getriebe?<\/p>\n<p>Bei den Erziehungsdirektionen glaubt man, die richtigen Massnahmen eingeleitet zu haben, um<strong>die Lernprozesse bis ins Detail optimieren<\/strong><strong>zu k\u00f6nnen.<\/strong>Die aktuelle Zauberformel heisst Individualisieren durch Digitalisierung. Schulen werden fl\u00e4chendeckend mit Tablets ausger\u00fcstet und gleichzeitig wird verk\u00fcndet, dass man dank wissenschaftlich begr\u00fcndeter Lernkonzepte die hoch gesteckten Bildungsziele erreichen werde. Das kommt bei vielen Eltern gut an. Bildung ist plan- und kontrollierbar. Lehrerinnen und Lehrer wird dabei die Aufgabe zugewiesen, die Programme umzusetzen und die Sch\u00fcler zu begleiten.<\/p>\n<p>Doch von Lehrerseite kommt zu Recht Einspruch. P\u00e4dagogik umfasst viel mehr als das Ausf\u00fchren von vorgegebenen Lernschritten. Wer den Lehrerberuf so technokratisch auffasst, ist auf dem Holzweg. <strong>Es fehlt das \u00abfeu sacr\u00e9\u00bb, <\/strong>die innere Berufung, um als Botschafter der Bildung junge Menschen abholen zu k\u00f6nnen. Lange Zeit galt das Wort \u00abBerufung\u00bb in der modernen P\u00e4dagogik als suspekt, doch die Praxis zeigt, dass genau diese Leidenschaft f\u00fcr den Beruf die erfolgreiche Lehrerin und den \u00fcberzeugenden Lehrer ausmacht.<\/p>\n<p>Unser erster Beitrag von <strong>Carl Bossard<\/strong>stellt das innere Feuer der Lehrpersonen ins Zentrum. Er weist auf einen bekannten Fussballtrainer hin, der mit grosser Motivationskraft sein Team zum Erfolg f\u00fchrt. Der zweite Beitrag von <strong>Margrit Stamm<\/strong>befasst sich mit dem Planungs- und Optimierungswahn in der P\u00e4dagogik. Sie wehrt sich gegen die Vorstellung, das Lernen bei Kindern liesse sich beliebig beschleunigen.<\/p>\n<p>Die Kritik unserer Autoren an den p\u00e4dagogischen Dogmen unserer Zeit f\u00e4llt deutlich aus. Unsere Leserbriefschreiber hauen mit brillanten Beitr\u00e4gen in die gleiche Kerbe. Auch die Irrwege in der Rechtschreibedidaktik werden vertieft diskutiert. <strong>Die geballte Ladung an Einspr\u00fcchen<\/strong>ist kein schlechtes Zeichen. Die Texte fordern ein entschiedenes Umdenken und machen uns Mut, die p\u00e4dagogischen Freiheiten wieder neu zu entdecken. Dies stimmt hoffnungsvoll.<\/p>\n<p>Ich w\u00fcnsche Ihnen im Namen des Redaktionsteams von \u00abStarke Volksschule Z\u00fcrich\u00bb frohe Weihnachten. Der n\u00e4chste Newsletter wird nach dem Jahreswechsel erscheinen.<\/p>\n<p><em>Hanspeter Amstutz<\/em><\/p>\n<h2>Inhalt<\/h2>\n<ul>\n<li>Ermutigender Einspruch<\/li>\n<li>Lucien Favre ist mehr als nur Coach<\/li>\n<li>Besser auf die Kinderseele achten<\/li>\n<li>Dienst nach Vorschrift?<\/li>\n<li>\u00abDer Sinn der Rechtschreibung\u00bb<\/li>\n<li>Vom Lernen und Korrigieren<\/li>\n<li>Kreativit\u00e4t ist wichtiger als Rechtschreibung<\/li>\n<li>Die Gene bestimmen viel, aber nicht alles<\/li>\n<li>Bildungssystem auf den Kopf gestellt<\/li>\n<li>\u00abNicht die Eltern sind das Problem\u00bb<\/li>\n<li>\u00abBerufslehre f\u00fcr den Wohlstand\u00bb<\/li>\n<li>Pressemitteilung vom Abstimmungssonntag<\/li>\n<li>Wacht auf, Schlafm\u00fctzen!<\/li>\n<li>Veranstaltungshinweis <br \/>1.2019: Selbstt\u00e4tiges Lernen, Lernateliers:<\/li>\n<\/ul>\n\n\n\n<div class=\"wp-block-file\"><a href=\"https:\/\/www.starkevolksschulezh.ch\/wp-content\/uploads\/2019\/03\/Newsletter-181209.pdf\">Newsletter vom 9.12.2018<\/a><a href=\"https:\/\/www.starkevolksschulezh.ch\/wp-content\/uploads\/2019\/03\/Newsletter-181209.pdf\" class=\"wp-block-file__button\" download>Herunterladen<\/a><\/div>\n","protected":false},"excerpt":{"rendered":"","protected":false},"author":1,"featured_media":0,"comment_status":"closed","ping_status":"closed","sticky":false,"template":"","format":"standard","meta":{"footnotes":""},"categories":[3],"tags":[],"class_list":{"0":"post-261","1":"post","2":"type-post","3":"status-publish","4":"format-standard","6":"category-newsletter","7":"h-entry","8":"hentry","9":"h-as-article"},"aioseo_notices":[],"_links":{"self":[{"href":"https:\/\/www.starkevolksschulezh.ch\/index.php?rest_route=\/wp\/v2\/posts\/261","targetHints":{"allow":["GET"]}}],"collection":[{"href":"https:\/\/www.starkevolksschulezh.ch\/index.php?rest_route=\/wp\/v2\/posts"}],"about":[{"href":"https:\/\/www.starkevolksschulezh.ch\/index.php?rest_route=\/wp\/v2\/types\/post"}],"author":[{"embeddable":true,"href":"https:\/\/www.starkevolksschulezh.ch\/index.php?rest_route=\/wp\/v2\/users\/1"}],"replies":[{"embeddable":true,"href":"https:\/\/www.starkevolksschulezh.ch\/index.php?rest_route=%2Fwp%2Fv2%2Fcomments&post=261"}],"version-history":[{"count":1,"href":"https:\/\/www.starkevolksschulezh.ch\/index.php?rest_route=\/wp\/v2\/posts\/261\/revisions"}],"predecessor-version":[{"id":264,"href":"https:\/\/www.starkevolksschulezh.ch\/index.php?rest_route=\/wp\/v2\/posts\/261\/revisions\/264"}],"wp:attachment":[{"href":"https:\/\/www.starkevolksschulezh.ch\/index.php?rest_route=%2Fwp%2Fv2%2Fmedia&parent=261"}],"wp:term":[{"taxonomy":"category","embeddable":true,"href":"https:\/\/www.starkevolksschulezh.ch\/index.php?rest_route=%2Fwp%2Fv2%2Fcategories&post=261"},{"taxonomy":"post_tag","embeddable":true,"href":"https:\/\/www.starkevolksschulezh.ch\/index.php?rest_route=%2Fwp%2Fv2%2Ftags&post=261"}],"curies":[{"name":"wp","href":"https:\/\/api.w.org\/{rel}","templated":true}]}}