{"id":240,"date":"2019-02-02T15:10:20","date_gmt":"2019-02-02T14:10:20","guid":{"rendered":"https:\/\/www.starkevolksschulezh.ch\/?p=240"},"modified":"2019-03-14T15:10:58","modified_gmt":"2019-03-14T14:10:58","slug":"newsletter-vom-3-2-2019","status":"publish","type":"post","link":"https:\/\/www.starkevolksschulezh.ch\/?p=240","title":{"rendered":"Newsletter vom 3.2.2019"},"content":{"rendered":"\n<div class=\"wp-block-file\"><a href=\"https:\/\/www.starkevolksschulezh.ch\/wp-content\/uploads\/2019\/03\/Newsletter-190203.pdf\">Newsletter vom 3.2.2019<\/a><a href=\"https:\/\/www.starkevolksschulezh.ch\/wp-content\/uploads\/2019\/03\/Newsletter-190203.pdf\" class=\"wp-block-file__button\" download>Herunterladen<\/a><\/div>\n\n\n\n<!--more-->\n\n\n\n<h1>Schulreformen kommen, Dauerbaustellen bleiben<\/h1>\n<p>Wer geglaubt hat, mit der Einf\u00fchrung des neuen Lehrplans w\u00fcrden die Forderungen nach Strukturreformen der Volksschule verstummen, sieht sich get\u00e4uscht. Der Schweizerische Wissenschaftsrat (SWR) richtet das<strong>n\u00e4chste Reformmenu <\/strong>gleich mitganz grosser Kelle an. Im Bericht des SWR wird<strong>eine grundlegende Struktur\u00e4nderung der Volksschule<\/strong>durch Aufl\u00f6sung der Jahrgangsklassen und einem radikalen Umbau der Oberstufe postuliert. Von dieser einschneidenden Reform verspricht man sich mehr Chancengerechtigkeit f\u00fcr Jugendliche aus bildungsfernen Familien. Eine andere grosse Reformbewegung sieht <strong>das Heil in der fr\u00fchen Digitalisierung,<\/strong>damit massgeschneidertes Lernen mit individuellen Zielsetzungen organisatorisch besser bew\u00e4ltigt werden kann. Der Kanton St. Gallen will in dieser zentralen Frage eine Pionierrolle \u00fcbernehmen und k\u00fcndigt an, die Schule von innen her gr\u00fcndlich umzugestalten.<\/p>\n<p>Bei beiden Reformprojekten werden hohe Erwartungen geweckt. Doch sicher ist nur, dass sie sehr viel kosten und <strong>die Lehrerrolle grundlegend ver\u00e4ndern werden<\/strong>. Offensichtlich scheint der Glaube an eine wirkungsvolle Steuerung der Bildung durch Strukturreformen und wegweisende Lernprogramme trotz gegenteiliger Beweise unersch\u00fctterlich zu sein. In unserem Leitartikel f\u00fchrt uns <strong>Carl Bossard<\/strong>eindr\u00fccklich vor Augen, weshalb nicht die geplanten Reformen, sondern starke Lehrerpers\u00f6nlichkeiten die Qualit\u00e4t einer Schule ausmachen. In die gleiche Richtung zielt Professor <strong>Mario Andreotti<\/strong>, der in einem Vortrag in Wil die Bedeutung einer lebendigen Klassengemeinschaft und die entwicklungspsychologische Seite des Lernens hervorgehoben hat.<\/p>\n<p>W\u00e4hrend aktuell wieder die Rede von grossen W\u00fcrfen in der Bildung ist, herrscht noch immer grosse Ratlosigkeit bei der <strong>st\u00f6rendsten Dauerbaustelle der Volksschule.<\/strong>Es geht um die schulische Betreuung von verhaltensauff\u00e4lligen Kindern in den Regelklassen. Neu sollen Klassenlehrpersonen das gescheiterte Sonderp\u00e4dagogische Konzept retten, indem sie zu <strong>\u201eHeilp\u00e4dagogen light\u201c<\/strong>ausgebildet werden. Sie sollen jetzt die leichteren Therapief\u00e4lle \u00fcbernehmen. Statt den Ursachen auf den Grund zu gehen, weshalb denn so viele Kinder heute St\u00fctz- und Therapiemassnahmen ben\u00f6tigen, wird einfach den Klassenlehrpersonen eine weitere B\u00fcrde auferlegt.<\/p>\n<p>Es sind <strong>praxisferne Bildungsdogmen<\/strong>, welche aus der grossartigen Vision der Chancengleichheit das Sonderp\u00e4dagogische Konzept zum engen Korsett gemacht haben. Ein erheblicher Teil der Therapief\u00e4lle ist hausgemacht. Alle Sch\u00fcler m\u00fcssen schon in der Primarschule drei Sprachen lernen, auch wenn sie damit \u00fcberfordert sind. Alle Sch\u00fcler m\u00fcssen die Regelklassen besuchen, auch wenn sie in einer Kleinklasse eine weit bessere Betreuung erhalten w\u00fcrden. Alle Sch\u00fcler m\u00fcssen in jedem Fach die breit gef\u00e4cherten Grundanforderungen erreichen, auch wenn sie mit einer Konzentration aufs Wesentliche mehr Erfolg beim Lernen h\u00e4tten. Und alle Sch\u00fcler sollen schon fr\u00fch ihr Lernen selbst\u00e4ndig organisieren und souver\u00e4n den Wochenplan erf\u00fcllen. Dass bei all diesen Anforderungen <strong>vor allem Knaben scheitern<\/strong>, scheint die Bildungsverantwortlichen kaum stutzig zu machen.<\/p>\n<p>Wir d\u00fcrfen es nicht l\u00e4nger hinnehmen, dass kompetente Heilp\u00e4dagoginnen nur noch von Zimmer zu Zimmer eilen, um <strong>p\u00e4dagogische Feuerwehr<\/strong>zu spielen. Wer durch krankmachende Bildungskonzepte immer neue Br\u00e4nde entfacht, muss sich nicht wundern, wenn zu viele Lehrerinnen und Lehrer aus dem Schuldienst aussteigen. In unserem dritten Themenblock finden Sie ausf\u00fchrliche Beitr\u00e4ge zu den umstrittenen Pl\u00e4nen in der Sonderp\u00e4dagogik.<\/p>\n<p>Wie immer runden Leserzuschriften und Hinweise auf bildungspolitische Veranstaltungen unseren Newsletter ab. W\u00e4hlen Sie einfach aus und geniessen Sie in Musse unser spannendes Magazin!<\/p>\n<p>F\u00fcr die Starke Volksschule Z\u00fcrich<\/p>\n<p><em>Hanspeter Amstutz<\/em><\/p>\n<h2>Inhalt<\/h2>\n<ul>\n<li>Schulreformen kommen, Dauerbaustellen bleiben<\/li>\n<li>Schulqualit\u00e4t resultiert aus dem Unsichtbaren<\/li>\n<li>Podiumsveranstaltung des Vereins \u00abStarke Volksschule Z\u00fcrich\u00bb<\/li>\n<li>Vorlage Bildungsoffensive: \u201eNicht alles ist F\u00f6rderung der Bildung\u201c<\/li>\n<li>Lehrer sollen sich mehr um Problemsch\u00fcler k\u00fcmmern<\/li>\n<li>Nun kommt der \u00abHeilp\u00e4dagoge light\u00bb<\/li>\n<li>Weniger Unruhe in den Klassenzimmern<\/li>\n<li>Griff in die Ideologien-Kiste<\/li>\n<li>Sie digitalisieren das Klassenzimmer<\/li>\n<li>Nein zur IT-Bildungsoffensive<\/li>\n<li>Informationstechnologie einsetzen, aber mit Bedacht<\/li>\n<li>Einspruch! 2<\/li>\n<li>Veranstaltungshinweise <br>Das Lernen der Kinder ins Zentrum stellen <br>Autismus \u2013 eine Diagnose mit vielen Facetten <br>5.2019: Time for Change? \u2013 Teil II: Im Hamsterrad<\/li>\n<\/ul>\n\n\n\n<div class=\"wp-block-file\"><a href=\"https:\/\/www.starkevolksschulezh.ch\/wp-content\/uploads\/2019\/03\/Newsletter-190203.pdf\">Newsletter vom 3.2.2019<\/a><a href=\"https:\/\/www.starkevolksschulezh.ch\/wp-content\/uploads\/2019\/03\/Newsletter-190203.pdf\" class=\"wp-block-file__button\" download>Herunterladen<\/a><\/div>\n","protected":false},"excerpt":{"rendered":"","protected":false},"author":1,"featured_media":0,"comment_status":"closed","ping_status":"closed","sticky":false,"template":"","format":"standard","meta":{"footnotes":""},"categories":[3],"tags":[],"class_list":{"0":"post-240","1":"post","2":"type-post","3":"status-publish","4":"format-standard","6":"category-newsletter","7":"h-entry","8":"hentry","9":"h-as-article"},"aioseo_notices":[],"_links":{"self":[{"href":"https:\/\/www.starkevolksschulezh.ch\/index.php?rest_route=\/wp\/v2\/posts\/240","targetHints":{"allow":["GET"]}}],"collection":[{"href":"https:\/\/www.starkevolksschulezh.ch\/index.php?rest_route=\/wp\/v2\/posts"}],"about":[{"href":"https:\/\/www.starkevolksschulezh.ch\/index.php?rest_route=\/wp\/v2\/types\/post"}],"author":[{"embeddable":true,"href":"https:\/\/www.starkevolksschulezh.ch\/index.php?rest_route=\/wp\/v2\/users\/1"}],"replies":[{"embeddable":true,"href":"https:\/\/www.starkevolksschulezh.ch\/index.php?rest_route=%2Fwp%2Fv2%2Fcomments&post=240"}],"version-history":[{"count":2,"href":"https:\/\/www.starkevolksschulezh.ch\/index.php?rest_route=\/wp\/v2\/posts\/240\/revisions"}],"predecessor-version":[{"id":244,"href":"https:\/\/www.starkevolksschulezh.ch\/index.php?rest_route=\/wp\/v2\/posts\/240\/revisions\/244"}],"wp:attachment":[{"href":"https:\/\/www.starkevolksschulezh.ch\/index.php?rest_route=%2Fwp%2Fv2%2Fmedia&parent=240"}],"wp:term":[{"taxonomy":"category","embeddable":true,"href":"https:\/\/www.starkevolksschulezh.ch\/index.php?rest_route=%2Fwp%2Fv2%2Fcategories&post=240"},{"taxonomy":"post_tag","embeddable":true,"href":"https:\/\/www.starkevolksschulezh.ch\/index.php?rest_route=%2Fwp%2Fv2%2Ftags&post=240"}],"curies":[{"name":"wp","href":"https:\/\/api.w.org\/{rel}","templated":true}]}}