{"id":228,"date":"2018-10-06T14:25:35","date_gmt":"2018-10-06T12:25:35","guid":{"rendered":"https:\/\/www.starkevolksschulezh.ch\/?p=228"},"modified":"2019-03-22T14:02:35","modified_gmt":"2019-03-22T13:02:35","slug":"was-man-von-schweden-lernen-kann","status":"publish","type":"post","link":"https:\/\/www.starkevolksschulezh.ch\/?p=228","title":{"rendered":"Was man von Schweden lernen kann"},"content":{"rendered":"\n<p style=\"text-align: center;\"><strong><span style=\"font-size: 14pt;\">Die Umgestaltung der schwedischen Volksschule und deren Folgen<\/span><\/strong><\/p>\n<p><strong>Einladung zu Vortrag und Diskussion<br \/><\/strong><strong>Donnerstag, 25. Oktober 2018, 19 Uhr<br \/><\/strong>Pfarreizentrum Liebfrauen, Weinbergstrasse 36, 8006 Z\u00fcrich<\/p>\n<p>Referentin: <strong>Prof. em. Inger Enkvist<\/strong>, Universit\u00e4t Lund<\/p>\n\n\n\n<!--more-->\n\n\n\n<div class=\"wp-block-image\"><figure class=\"aligncenter\"><img loading=\"lazy\" decoding=\"async\" width=\"112\" height=\"105\" src=\"https:\/\/www.starkevolksschulezh.ch\/wp-content\/uploads\/2019\/03\/Enkvist.png\" alt=\"\" class=\"wp-image-230\"\/><\/figure><\/div>\n\n\n\n<p>Die Sprachwissenschafterin Inger Enkvist ist eine fundierte Kennerin des schwedischen Schulsystems und eine prominente Kritikerin der Schulreformen. Am Beispiel der Muttersprache zeigt sie den Abbau der Schulbildung der letzten 25 Jahre auf.<\/p>\n<p><strong>Schwerwiegende Auswirkungen der Schulreformen: 2 Beispiele<\/strong><\/p>\n<ul>\n<li>Universit\u00e4ten bieten wegen der fehlenden Schwedischkenntnisse vieler Studenten Sprachkurse an<\/li>\n<li>Firmen verlassen mangels geeigneter Fachkr\u00e4fte das Land<\/li>\n<\/ul>\n<p><strong>Bedeutung der Lehrer-Sch\u00fcler-Beziehung f\u00fcr das Lernen<\/strong><\/p>\n<p>Weil das schwedische Bildungssystem vom Unterricht in der direkten Lehrer-Sch\u00fcler-Beziehung abgekommen ist und die Kinder mehrheitlich selbstorganisiert und kompetenzorientiert lernen m\u00fcssen, ist das Bildungsniveau stark gesunken.<\/p>\n<p><strong>Was wir von Schweden lernen k\u00f6nnen: Abbau der Bildung stoppen!<\/strong><\/p>\n<p>Ein Haltstopp ist jederzeit m\u00f6glich \u2013 auch wenn der Lehrplan 21 im Kanton Z\u00fcrich bereits eingef\u00fchrt wird, auch wenn untaugliche Lehrmittel schon gedruckt sind. Es geht um die Zukunft unserer Jugend!<\/p>\n<p><strong><em>Inger Enkvist<\/em><\/strong><em>&nbsp;ist emeritierte Professorin f\u00fcr Spanisch an der Universit\u00e4t Lund in S\u00fcdschweden. Sie hat zahlreiche B\u00fccher \u00fcber die spanische Literatur und Kultur sowie \u00fcber Ausbildungsfragen publiziert. Seit Jahren fordert sie in Schweden eine bessere Qualit\u00e4t des Schulunterrichts. Ihre Artikel finden breiten Eingang in der schwedischen und internationalen Presse.<\/em><\/p>\n\n\n\n<div class=\"wp-block-file\"><a href=\"https:\/\/www.starkevolksschulezh.ch\/wp-content\/uploads\/2019\/03\/Flyer-Enkvist.pdf\">Flyer zur Veranstaltung vom 25.10.2018<\/a><a href=\"https:\/\/www.starkevolksschulezh.ch\/wp-content\/uploads\/2019\/03\/Flyer-Enkvist.pdf\" class=\"wp-block-file__button\" download>Herunterladen<\/a><\/div>\n","protected":false},"excerpt":{"rendered":"<p>Die Umgestaltung der schwedischen Volksschule und deren Folgen Einladung zu Vortrag und DiskussionDonnerstag, 25. Oktober 2018, 19 UhrPfarreizentrum Liebfrauen, Weinbergstrasse 36, 8006 Z\u00fcrich Referentin: Prof. em. Inger Enkvist, Universit\u00e4t Lund<\/p>\n","protected":false},"author":1,"featured_media":0,"comment_status":"closed","ping_status":"closed","sticky":false,"template":"","format":"standard","meta":{"footnotes":""},"categories":[8],"tags":[],"class_list":{"0":"post-228","1":"post","2":"type-post","3":"status-publish","4":"format-standard","6":"category-veranstaltung","7":"h-entry","8":"hentry","9":"h-as-article"},"aioseo_notices":[],"_links":{"self":[{"href":"https:\/\/www.starkevolksschulezh.ch\/index.php?rest_route=\/wp\/v2\/posts\/228","targetHints":{"allow":["GET"]}}],"collection":[{"href":"https:\/\/www.starkevolksschulezh.ch\/index.php?rest_route=\/wp\/v2\/posts"}],"about":[{"href":"https:\/\/www.starkevolksschulezh.ch\/index.php?rest_route=\/wp\/v2\/types\/post"}],"author":[{"embeddable":true,"href":"https:\/\/www.starkevolksschulezh.ch\/index.php?rest_route=\/wp\/v2\/users\/1"}],"replies":[{"embeddable":true,"href":"https:\/\/www.starkevolksschulezh.ch\/index.php?rest_route=%2Fwp%2Fv2%2Fcomments&post=228"}],"version-history":[{"count":4,"href":"https:\/\/www.starkevolksschulezh.ch\/index.php?rest_route=\/wp\/v2\/posts\/228\/revisions"}],"predecessor-version":[{"id":331,"href":"https:\/\/www.starkevolksschulezh.ch\/index.php?rest_route=\/wp\/v2\/posts\/228\/revisions\/331"}],"wp:attachment":[{"href":"https:\/\/www.starkevolksschulezh.ch\/index.php?rest_route=%2Fwp%2Fv2%2Fmedia&parent=228"}],"wp:term":[{"taxonomy":"category","embeddable":true,"href":"https:\/\/www.starkevolksschulezh.ch\/index.php?rest_route=%2Fwp%2Fv2%2Fcategories&post=228"},{"taxonomy":"post_tag","embeddable":true,"href":"https:\/\/www.starkevolksschulezh.ch\/index.php?rest_route=%2Fwp%2Fv2%2Ftags&post=228"}],"curies":[{"name":"wp","href":"https:\/\/api.w.org\/{rel}","templated":true}]}}