{"id":1863,"date":"2026-09-04T15:00:14","date_gmt":"2026-09-04T13:00:14","guid":{"rendered":"https:\/\/www.starkevolksschulezh.ch\/?p=1863"},"modified":"2026-09-04T15:02:33","modified_gmt":"2026-09-04T13:02:33","slug":"newsletter-vom-6-september-2026","status":"publish","type":"post","link":"https:\/\/www.starkevolksschulezh.ch\/?p=1863","title":{"rendered":"Newsletter vom 6. September 2026"},"content":{"rendered":"\n<div class=\"wp-block-file\"><a id=\"wp-block-file--media-f3fa30ce-1b17-4ef6-b1f1-ac7b370b4565\" href=\"https:\/\/www.starkevolksschulezh.ch\/wp-content\/uploads\/2026\/09\/Newsletter-2600906.pdf\">Newsletter vom 6. 9. 2026<\/a><a href=\"https:\/\/www.starkevolksschulezh.ch\/wp-content\/uploads\/2026\/09\/Newsletter-2600906.pdf\" class=\"wp-block-file__button wp-element-button\" download aria-describedby=\"wp-block-file--media-f3fa30ce-1b17-4ef6-b1f1-ac7b370b4565\">Herunterladen<\/a><\/div>\n\n\n<h1 class=\"western\">Die Ressourcen sind es nicht\u2026<\/h1>\n<p class=\"western\"><br \/>Der Ruf nach \u00abmehr Ressourcen\u00bb ist zur faulen Ausrede geworden, um davon abzulenken, dass die fatalen Schulreformen der letzten dreissig Jahre unsere einst gute Volksschule an die Wand gefahren haben. <!--more-->In diesem Sinne der p\u00e4dagogische Zeigefinger von Carl Bossard, den wir an den Anfang unserer Textsammlung stellen. Er erinnert auch daran, dass es am Geld nicht liegen kann, geben wir doch f\u00fcr die Bildung mehr aus als die meisten anderen L\u00e4nder: \u00abGeld allein garantiert noch keine gute Schule.\u00bb<\/p>\n<p class=\"western\">LCH-Pr\u00e4sidentin Dagmar R\u00f6sler tut neuestens auch die Tatsache, dass immer mehr Eltern ihre Kinder in eine Privatschule schicken, als reines Ressourcen-Problem ab. An den Privatschulen k\u00e4men die Sch\u00fcler nur deshalb besser voran, weil die Klassen kleiner seien, so R\u00f6sler, also m\u00fcsse man in der \u00f6ffentlichen Schule die integrierten Klassen halt ebenfalls verkleinern, dann w\u00e4re alles in Butter. (Von kleinen F\u00f6rderklassen will dieselbe Funktion\u00e4rin aber bekanntlich nichts wissen.) Wie lange kann man an dieser verantwortungsvollen Stelle den Kopf in den Sand stecken, bis die Schweizer Lehrerinnen und Lehrer einen Pr\u00e4sidenten w\u00e4hlen, der keine oberfl\u00e4chlichen Rezepte von sich gibt, sondern sich f\u00fcr die Behebung der bekannten Grundprobleme der Volksschule stark macht?<\/p>\n<p class=\"western\">Um mehr Ressourcen geht es auch in der kantonalen Z\u00fcrcher Volksabstimmung vom 27.\u00a0September: 83\u00a0Millionen Franken sollen eingesetzt werden, damit die Lehrpersonen mehr Zeit zur Vor- und Nachbereitung des Schulunterrichts haben und die Klassenlehrpersonen entlastet werden. Selbstverst\u00e4ndlich geht es nicht, dass Klassenlehrpersonen jede Woche eine grosse Zahl an \u00dcberstunden leisten, ohne daf\u00fcr bezahlt zu werden. Eine finanzielle Aufstockung bleibt jedoch eine Notl\u00f6sung, die den Kern der \u00dcberlastung nicht trifft. Unsere Lehrkr\u00e4fte brauchen nicht mehr bezahlte Stellenprozente, sondern ein nachhaltiges Herunterfahren der B\u00fcrokratie, damit wieder Zeit und Raum ist f\u00fcr ihre eigentliche Aufgabe, das Unterrichten. Dann k\u00f6nnte manch einer wieder zur Freude an seinem sch\u00f6nen Beruf zur\u00fcckfinden.<\/p>\n<h4 class=\"western\">\u2026 sondern die wesentlichen p\u00e4dagogischen Fragen<\/h4>\n<p class=\"western\">Unseren aktiven P\u00e4dagoginnen w\u00e4re eine Lehrervertretung und eine p\u00e4dagogische Weiterbildung zu w\u00fcnschen, wo die wesentlichen Fragen gestellt werden. Solche Fragen stellt zum Beispiel Carl Bossard: \u00abUnterricht l\u00e4sst sich nicht bestellen wie ein neues Schulmodell und nicht einfach mit zus\u00e4tzlichen Ressourcen ausstatten. Man muss ihn gestalten. Deshalb geht es nicht nur um Fragen wie: Wie viele Heilp\u00e4dagoginnen stehen zur Verf\u00fcgung? Wie gross sind die Klassen? Wie viel zus\u00e4tzliche Zeit gibt es? Sondern auch darum, wie Lernprozesse aufgebaut, neue Inhalte erkl\u00e4rt, ge\u00fcbt und gefestigt werden \u2013 und was eine Lehrperson tun muss, damit aus Anwesenheit tats\u00e4chlich Lernen wird.\u00bb<\/p>\n<p class=\"western\">Erfrischend die britische P\u00e4dagogin Katharine Birbalsingh, die darauf aufmerksam macht, dass man dem Kind keinen Dienst erweist, wenn man es in einer Opferrolle sieht und ihm \u00abbeim Wutanfall den Keks gibt\u00bb. Als Rektorin setzt sie in ihrer Schule auf Werte wie Eigenverantwortung und die Wahrnehmung von Pflichten gegen\u00fcber anderen, \u00dcberwinden von Hindernissen, Zugeh\u00f6rigkeitsgef\u00fchl zum eigenen Land. Dank Strenge und Disziplin, traditionellen Werten sowie einem Unterricht, in dem der Erwachsene die Autorit\u00e4t ist, erreichen ihre Sch\u00fcler die besten Testresultate im ganzen Land.<\/p>\n<p class=\"western\">Ganz weg von den p\u00e4dagogischen Grundlagen f\u00fchren indessen Andrea Lanfranchi und Peter Klaver, die f\u00fcr eine \u00abFr\u00fchf\u00f6rderung ab Geburt\u00bb pl\u00e4dieren. Mit regelm\u00e4ssigen Hausbesuchen sollen Kinder, die in benachteiligten sozialen Verh\u00e4ltnissen aufwachsen, von klein auf in Programme eingebunden werden. Damit sollen die Leistungsunterschiede aufgrund sozialer Ungleichheiten (neuer Bildungsbericht Schweiz) gemildert werden und \u00abgleiche Bildungschancen f\u00fcr alle\u00bb entstehen.<\/p>\n<p class=\"western\">Es soll hier gewiss nicht gegen eine ad\u00e4quate F\u00f6rderung von Kindern zum Beispiel aus fremdsprachigen Familien gesprochen werden. Aber mit einer Rundumversorgung ohne Eigenleistung verhilft man keiner Familie zu einer besseren Lebenssituation f\u00fcr die n\u00e4chste Generation. Meine Nachbarn in unserer Wohngenossenschaft in Z\u00fcrich, eine Sikh-Familie aus Indien, die Eltern mit minimen Deutschkenntnissen, sind von sich aus aktiv geworden, als sie h\u00f6rten, dass ich Lehrerin bin, und haben mich gebeten, zuerst ihre \u00e4ltere und dann die zweite Tochter beim Lernen zu unterst\u00fctzen. Nicht in ihren ersten Lebensjahren, sondern sp\u00e4ter, als Erg\u00e4nzung zur Primarschule (wo zu wenig Unterricht und \u00dcben stattgefunden hat) und als Begleitung f\u00fcr den \u00dcbertritt in die Oberstufe. Es war den Eltern wichtig, trotz schmalem Portemonnaie etwas daf\u00fcr zu bezahlen, um ihre W\u00fcrde zu wahren, also habe ich einen kleinen Betrag angenommen und als Spende weitergegeben. Die Kinder haben ihren Weg gemacht, weil sie bereit waren, zu lernen und sich von mir anleiten zu lassen, und weil sie von den Eltern in diese Richtung gef\u00f6rdert wurden. Ob es von Gutem gewesen w\u00e4re, dieser Familie eine staatlich beauftragte Sozialp\u00e4dagogin aufzudr\u00e4ngen?<\/p>\n<h4 class=\"western\">\u2026 und eine Volksschule, die das R\u00fcstzeug f\u00fcrs Leben mitgibt<\/h4>\n<p class=\"western\">Seit Jahren ist bekannt, dass viele unserer Jugendlichen nach ihrer Schulzeit keine gen\u00fcgenden Grundlagen im Lesen, Schreiben und Rechnen mitbringen, um eine Berufslehre machen zu k\u00f6nnen. Seit ebensovielen Jahren klagen die Ausbildner in den Lehrbetrieben, dass sie immer weniger geeignete Lehrlinge finden. Nun haben wir das erschreckende Resultat schwarz auf weiss: Die Unternehmer ziehen die Reissleine. In einer Umfrage der grossen Arbeitgeberverb\u00e4nde geben viele der rund 3000 befragten Ausbildner an, dass sie bereits heute weniger Lernende einstellen oder dies f\u00fcr die Zukunft planen. Manche Lehrstelle bleibt unbesetzt, weil geeignete Bewerber fehlen. In 30 Prozent der kleinsten Betriebe fehlen die Kr\u00e4fte, um Jugendliche auszubilden, die interne oder externe Zusatzkurse und pers\u00f6nliche Sonderbetreuung ben\u00f6tigen, um die dringendsten schulischen und pers\u00f6nlichen Defizite zu verringern. Wenn die KMU, das R\u00fcckgrat der Schweizer Wirtschaft, ihre grundlegende Aufgabe in unserer Gesellschaft nicht mehr wahrnehmen k\u00f6nnen, \u00abd\u00e4nn guet Nacht am S\u00e4chsi!\u00bb<\/p>\n<p class=\"western\">Hier schliesst sich der Kreis zur Fragw\u00fcrdigkeit der Rundum-Bet\u00fctelung unserer Jugend in der Schule und ihrem Sozialkuchen-Umfeld. Selbstverst\u00e4ndlich gibt es soziale Unterschiede, die sich auf die schulischen Leistungen auswirken, es hat sie schon immer gegeben. Um sie so gut wie m\u00f6glich auszugleichen, braucht es jedoch keine Fr\u00fchf\u00f6rderung ab Geburt, sondern daf\u00fcr wurde die Volksschule geschaffen. Hier m\u00fcssen wir ansetzen: Bei einer Volksschule, wo alle Kinder eine Bildung erhalten, die sie durchs Leben tragen wird und sie insbesondere bef\u00e4higt, ihren Platz im Berufsleben einzunehmen. Und bei einer Lehrerbildung, die den jungen P\u00e4dagogen Auge, Ohr und Herz \u00f6ffnet f\u00fcr den sch\u00f6nsten Beruf: Die Kinder einf\u00fchren zu d\u00fcrfen ins Lernen, ihnen zu zeigen, wie sie Schwierigkeiten bew\u00e4ltigen k\u00f6nnen, ihnen das Erlebnis zu erm\u00f6glichen, dass im Verbund mit ihrer Lehrerin und ihren Gsp\u00e4nli noch viel mehr geht, als wir manchmal ahnen, und ihre Neugier zu wecken f\u00fcr die unendlichen \u00abAngebote\u00bb unserer spannenden Welt.<\/p>\n<h4 class=\"western\">Sp\u00e4te Erkenntnis und fr\u00fche Ahnung<\/h4>\n<p class=\"western\">Zum Schluss zwei weitere bemerkenswerte Zeitungsartikel. Der erste beinhaltet die sp\u00e4te Erkenntnis des Zuger Bildungsdirektors Stephan Schleiss: \u00abDie Schulen verzetteln sich mitunter zu stark mit Projekten, entdeckendem und forschendem Lernen sowie super anspruchsvollen p\u00e4dagogischen Settings. Da fehlt am Schluss die Zeit, um die Grundlagen zu \u00fcben.\u00bb Deshalb will er die Schulen \u00abverst\u00e4rkt auf die Kulturtechniken Lesen, Rechnen, Schreiben einschw\u00f6ren.\u00bb Zur Erinnerung: Derselbe Bildungsdirektor befand 2017 als neuer EDK-Pr\u00e4sident die \u00abUnterst\u00fctzung der Kantone bei der Einf\u00fchrung der neuen, harmonisierten Lehrpl\u00e4ne in den kommenden Jahren als eine der wichtigsten Aufgaben der D-EDK\u00bb. Heute haben unsere Kinder den Salat. Schleiss muss Flickwerk betreiben, Noten und Pr\u00fcfungen vorschreiben in seinem Kanton, um den Schaden, den er und seine EDK-Mitverantwortlichen mit dem Lehrplan 21 angerichtet haben, zu \u00fcbert\u00fcnchen. Aufrichtiger w\u00e4re es, endlich die Konsequenzen zu ziehen!<\/p>\n<p class=\"western\">Der zweite, erfreulichere Bericht ist der lebendigen Auseinandersetzung unserer Jugend mit KI gewidmet \u2013 ein Genuss! Da wird KI zwar fleissig genutzt und auch einmal geschummelt, aber den Jugendlichen ist die Problematik des Ganzen erstaunlich klar: \u00abEhrlich gesagt: Ich frage mich schon, ob man so \u00fcberhaupt noch etwas lernt\u00bb (wenn man f\u00fcr die gesamten Lernprozesse KI benutzen darf). \u00abWenn man nur noch die KI benutzt, lernt man die Basics \u00fcberhaupt nicht mehr. Wenn man dann mal ohne KI dasteht, merkt man pl\u00f6tzlich: Ich kann das von mir aus gar nicht l\u00f6sen. Ich weiss nicht mal, wo ich anfangen soll.\u00bb \u00abWenn man st\u00e4ndig Chat-GPT fragt, verliert man sein Selbstvertrauen, man traut sich irgendwann weniger zu.\u00bb Es kommt auf den Tisch, dass jede zehnte Antwort von KI nicht stimmt, und es wird diskutiert, ob die Lehrerin oder KI den Schulstoff besser erkl\u00e4ren: Eine Sch\u00fclerin findet, Chat-GPT k\u00f6nne \u00abspezifischer auf ihre Bed\u00fcrfnisse eingehen\u00bb, ein anderer Sch\u00fcler h\u00e4lt dagegen: \u00abAm Ende musst du es halt wirklich verstanden haben, sp\u00e4testens an der Pr\u00fcfung merkst du das sonst. Und genau daf\u00fcr braucht es die Lehrer: Die checken im Gespr\u00e4ch sofort, ob du es raffst oder nicht.\u00bb<\/p>\n<p class=\"western\">Ein hoffnungsvolles Gegengewicht zur Aussage der britischen P\u00e4dagogin: \u00abDie Generation Alpha wird ein Albtraum\u00bb. Wie sie richtig aufmerksam macht, liegt die Verantwortung bei uns Erwachsenen. Bleiben wir mit den Kindern im Gespr\u00e4ch (statt uns hinter dem Handy zu vergraben) und geben wir ihnen mit, was wir zur Verf\u00fcgung haben!<\/p>\n<p class=\"western\">Eine genussreiche Lekt\u00fcre w\u00fcnscht<\/p>\n<p class=\"western\"><i>Marianne W\u00fcthrich <\/i><\/p>\n\n\n<figure class=\"wp-block-image size-large is-resized\"><a href=\"https:\/\/www.starkevolksschulezh.ch\/wp-content\/uploads\/2026\/09\/Inhalt.jpg\"><img loading=\"lazy\" decoding=\"async\" width=\"1024\" height=\"1005\" src=\"https:\/\/www.starkevolksschulezh.ch\/wp-content\/uploads\/2026\/09\/Inhalt-1024x1005.jpg\" alt=\"\" class=\"wp-image-1865\" style=\"aspect-ratio:1.0189151283120428;width:647px;height:auto\" srcset=\"https:\/\/www.starkevolksschulezh.ch\/wp-content\/uploads\/2026\/09\/Inhalt-1024x1005.jpg 1024w, https:\/\/www.starkevolksschulezh.ch\/wp-content\/uploads\/2026\/09\/Inhalt-300x294.jpg 300w, https:\/\/www.starkevolksschulezh.ch\/wp-content\/uploads\/2026\/09\/Inhalt-768x754.jpg 768w, https:\/\/www.starkevolksschulezh.ch\/wp-content\/uploads\/2026\/09\/Inhalt-960x942.jpg 960w, https:\/\/www.starkevolksschulezh.ch\/wp-content\/uploads\/2026\/09\/Inhalt.jpg 1283w\" sizes=\"auto, (max-width: 1024px) 100vw, 1024px\" \/><\/a><\/figure>\n\n\n\n<div class=\"wp-block-file\"><a id=\"wp-block-file--media-f3fa30ce-1b17-4ef6-b1f1-ac7b370b4565\" href=\"https:\/\/www.starkevolksschulezh.ch\/wp-content\/uploads\/2026\/09\/Newsletter-2600906.pdf\">Newsletter vom 6. 9. 2026<\/a><a href=\"https:\/\/www.starkevolksschulezh.ch\/wp-content\/uploads\/2026\/09\/Newsletter-2600906.pdf\" class=\"wp-block-file__button wp-element-button\" download aria-describedby=\"wp-block-file--media-f3fa30ce-1b17-4ef6-b1f1-ac7b370b4565\">Herunterladen<\/a><\/div>\n","protected":false},"excerpt":{"rendered":"<p>Die Ressourcen sind es nicht\u2026 <\/p>\n","protected":false},"author":1,"featured_media":0,"comment_status":"closed","ping_status":"closed","sticky":false,"template":"","format":"standard","meta":{"footnotes":""},"categories":[1],"tags":[],"class_list":["post-1863","post","type-post","status-publish","format-standard","category-uncategorized","h-entry","hentry","h-as-article"],"aioseo_notices":[],"aioseo_head":"\n\t\t<!-- All in One SEO 5.0.1.1 - aioseo.com -->\n\t<meta name=\"description\" content=\"Newsletter vom 6. 9. 2026Herunterladen Die Ressourcen sind es nicht\u2026 Der Ruf nach \u00abmehr Ressourcen\u00bb ist zur faulen Ausrede geworden, um davon abzulenken, dass die fatalen Schulreformen der letzten dreissig Jahre unsere einst gute Volksschule an die Wand gefahren haben. In diesem Sinne der p\u00e4dagogische Zeigefinger von Carl Bossard, den wir an den Anfang unserer\" \/>\n\t<meta name=\"robots\" content=\"max-image-preview:large\" \/>\n\t<meta name=\"author\" content=\"Rudolf\"\/>\n\t<link rel=\"canonical\" href=\"https:\/\/www.starkevolksschulezh.ch\/?p=1863\" \/>\n\t<meta name=\"generator\" content=\"All in One SEO (AIOSEO) 5.0.1.1\" \/>\n\t\t<script type=\"application\/ld+json\" class=\"aioseo-schema\">\n\t\t\t{\"@context\":\"https:\\\/\\\/schema.org\",\"@graph\":[{\"@type\":\"Article\",\"@id\":\"https:\\\/\\\/www.starkevolksschulezh.ch\\\/?p=1863#article\",\"name\":\"Newsletter vom 6. September 2026 | Starke Volksschule Z\\u00fcrich\",\"headline\":\"Newsletter vom 6. September 2026\",\"author\":{\"@id\":\"https:\\\/\\\/www.starkevolksschulezh.ch\\\/?author=1#author\"},\"publisher\":{\"@id\":\"https:\\\/\\\/www.starkevolksschulezh.ch\\\/#organization\"},\"image\":{\"@type\":\"ImageObject\",\"url\":\"https:\\\/\\\/www.starkevolksschulezh.ch\\\/wp-content\\\/uploads\\\/2026\\\/09\\\/Inhalt.jpg\",\"@id\":\"https:\\\/\\\/www.starkevolksschulezh.ch\\\/?p=1863\\\/#articleImage\",\"width\":1283,\"height\":1259},\"datePublished\":\"2026-09-04T15:00:14+02:00\",\"dateModified\":\"2026-09-04T15:02:33+02:00\",\"inLanguage\":\"de-DE\",\"mainEntityOfPage\":{\"@id\":\"https:\\\/\\\/www.starkevolksschulezh.ch\\\/?p=1863#webpage\"},\"isPartOf\":{\"@id\":\"https:\\\/\\\/www.starkevolksschulezh.ch\\\/?p=1863#webpage\"},\"articleSection\":\"Uncategorized\"},{\"@type\":\"BreadcrumbList\",\"@id\":\"https:\\\/\\\/www.starkevolksschulezh.ch\\\/?p=1863#breadcrumblist\",\"itemListElement\":[{\"@type\":\"ListItem\",\"@id\":\"https:\\\/\\\/www.starkevolksschulezh.ch#listItem\",\"position\":1,\"name\":\"Home\",\"item\":\"https:\\\/\\\/www.starkevolksschulezh.ch\",\"nextItem\":{\"@type\":\"ListItem\",\"@id\":\"https:\\\/\\\/www.starkevolksschulezh.ch\\\/?cat=1#listItem\",\"name\":\"Uncategorized\"}},{\"@type\":\"ListItem\",\"@id\":\"https:\\\/\\\/www.starkevolksschulezh.ch\\\/?cat=1#listItem\",\"position\":2,\"name\":\"Uncategorized\",\"item\":\"https:\\\/\\\/www.starkevolksschulezh.ch\\\/?cat=1\",\"nextItem\":{\"@type\":\"ListItem\",\"@id\":\"https:\\\/\\\/www.starkevolksschulezh.ch\\\/?p=1863#listItem\",\"name\":\"Newsletter vom 6. September 2026\"},\"previousItem\":{\"@type\":\"ListItem\",\"@id\":\"https:\\\/\\\/www.starkevolksschulezh.ch#listItem\",\"name\":\"Home\"}},{\"@type\":\"ListItem\",\"@id\":\"https:\\\/\\\/www.starkevolksschulezh.ch\\\/?p=1863#listItem\",\"position\":3,\"name\":\"Newsletter vom 6. September 2026\",\"previousItem\":{\"@type\":\"ListItem\",\"@id\":\"https:\\\/\\\/www.starkevolksschulezh.ch\\\/?cat=1#listItem\",\"name\":\"Uncategorized\"}}]},{\"@type\":\"Organization\",\"@id\":\"https:\\\/\\\/www.starkevolksschulezh.ch\\\/#organization\",\"name\":\"Starke Volksschule Z\\u00fcrich\",\"url\":\"https:\\\/\\\/www.starkevolksschulezh.ch\\\/\",\"logo\":{\"@type\":\"ImageObject\",\"url\":\"https:\\\/\\\/www.starkevolksschulezh.ch\\\/wp-content\\\/uploads\\\/2019\\\/03\\\/cropped-Logo-600150-2.png\",\"@id\":\"https:\\\/\\\/www.starkevolksschulezh.ch\\\/?p=1863\\\/#organizationLogo\",\"width\":307,\"height\":150},\"image\":{\"@id\":\"https:\\\/\\\/www.starkevolksschulezh.ch\\\/?p=1863\\\/#organizationLogo\"}},{\"@type\":\"Person\",\"@id\":\"https:\\\/\\\/www.starkevolksschulezh.ch\\\/?author=1#author\",\"url\":\"https:\\\/\\\/www.starkevolksschulezh.ch\\\/?author=1\",\"name\":\"Rudolf\",\"image\":{\"@type\":\"ImageObject\",\"@id\":\"https:\\\/\\\/www.starkevolksschulezh.ch\\\/?p=1863#authorImage\",\"url\":\"https:\\\/\\\/secure.gravatar.com\\\/avatar\\\/3d2907f170dff4af61c8d72e14a09111f2da54953a5e9c00f511f8259619d75c?s=96&d=mm&r=g\",\"width\":96,\"height\":96,\"caption\":\"Rudolf\"}},{\"@type\":\"WebPage\",\"@id\":\"https:\\\/\\\/www.starkevolksschulezh.ch\\\/?p=1863#webpage\",\"url\":\"https:\\\/\\\/www.starkevolksschulezh.ch\\\/?p=1863\",\"name\":\"Newsletter vom 6. September 2026 | Starke Volksschule Z\\u00fcrich\",\"description\":\"Newsletter vom 6. 9. 2026Herunterladen Die Ressourcen sind es nicht\\u2026 Der Ruf nach \\u00abmehr Ressourcen\\u00bb ist zur faulen Ausrede geworden, um davon abzulenken, dass die fatalen Schulreformen der letzten dreissig Jahre unsere einst gute Volksschule an die Wand gefahren haben. In diesem Sinne der p\\u00e4dagogische Zeigefinger von Carl Bossard, den wir an den Anfang unserer\",\"inLanguage\":\"de-DE\",\"isPartOf\":{\"@id\":\"https:\\\/\\\/www.starkevolksschulezh.ch\\\/#website\"},\"breadcrumb\":{\"@id\":\"https:\\\/\\\/www.starkevolksschulezh.ch\\\/?p=1863#breadcrumblist\"},\"author\":{\"@id\":\"https:\\\/\\\/www.starkevolksschulezh.ch\\\/?author=1#author\"},\"creator\":{\"@id\":\"https:\\\/\\\/www.starkevolksschulezh.ch\\\/?author=1#author\"},\"datePublished\":\"2026-09-04T15:00:14+02:00\",\"dateModified\":\"2026-09-04T15:02:33+02:00\"},{\"@type\":\"WebSite\",\"@id\":\"https:\\\/\\\/www.starkevolksschulezh.ch\\\/#website\",\"url\":\"https:\\\/\\\/www.starkevolksschulezh.ch\\\/\",\"name\":\"Starke Volksschule Z\\u00fcrich\",\"inLanguage\":\"de-DE\",\"publisher\":{\"@id\":\"https:\\\/\\\/www.starkevolksschulezh.ch\\\/#organization\"}}]}\n\t\t<\/script>\n\t\t<!-- All in One SEO -->\n\n","aioseo_head_json":{"title":"Newsletter vom 6. September 2026 | Starke Volksschule Z\u00fcrich","description":"Newsletter vom 6. 9. 2026Herunterladen Die Ressourcen sind es nicht\u2026 Der Ruf nach \u00abmehr Ressourcen\u00bb ist zur faulen Ausrede geworden, um davon abzulenken, dass die fatalen Schulreformen der letzten dreissig Jahre unsere einst gute Volksschule an die Wand gefahren haben. In diesem Sinne der p\u00e4dagogische Zeigefinger von Carl Bossard, den wir an den Anfang unserer","canonical_url":"https:\/\/www.starkevolksschulezh.ch\/?p=1863","robots":"max-image-preview:large","keywords":"","webmasterTools":{"miscellaneous":""},"schema":{"@context":"https:\/\/schema.org","@graph":[{"@type":"Article","@id":"https:\/\/www.starkevolksschulezh.ch\/?p=1863#article","name":"Newsletter vom 6. September 2026 | Starke Volksschule Z\u00fcrich","headline":"Newsletter vom 6. September 2026","author":{"@id":"https:\/\/www.starkevolksschulezh.ch\/?author=1#author"},"publisher":{"@id":"https:\/\/www.starkevolksschulezh.ch\/#organization"},"image":{"@type":"ImageObject","url":"https:\/\/www.starkevolksschulezh.ch\/wp-content\/uploads\/2026\/09\/Inhalt.jpg","@id":"https:\/\/www.starkevolksschulezh.ch\/?p=1863\/#articleImage","width":1283,"height":1259},"datePublished":"2026-09-04T15:00:14+02:00","dateModified":"2026-09-04T15:02:33+02:00","inLanguage":"de-DE","mainEntityOfPage":{"@id":"https:\/\/www.starkevolksschulezh.ch\/?p=1863#webpage"},"isPartOf":{"@id":"https:\/\/www.starkevolksschulezh.ch\/?p=1863#webpage"},"articleSection":"Uncategorized"},{"@type":"BreadcrumbList","@id":"https:\/\/www.starkevolksschulezh.ch\/?p=1863#breadcrumblist","itemListElement":[{"@type":"ListItem","@id":"https:\/\/www.starkevolksschulezh.ch#listItem","position":1,"name":"Home","item":"https:\/\/www.starkevolksschulezh.ch","nextItem":{"@type":"ListItem","@id":"https:\/\/www.starkevolksschulezh.ch\/?cat=1#listItem","name":"Uncategorized"}},{"@type":"ListItem","@id":"https:\/\/www.starkevolksschulezh.ch\/?cat=1#listItem","position":2,"name":"Uncategorized","item":"https:\/\/www.starkevolksschulezh.ch\/?cat=1","nextItem":{"@type":"ListItem","@id":"https:\/\/www.starkevolksschulezh.ch\/?p=1863#listItem","name":"Newsletter vom 6. September 2026"},"previousItem":{"@type":"ListItem","@id":"https:\/\/www.starkevolksschulezh.ch#listItem","name":"Home"}},{"@type":"ListItem","@id":"https:\/\/www.starkevolksschulezh.ch\/?p=1863#listItem","position":3,"name":"Newsletter vom 6. September 2026","previousItem":{"@type":"ListItem","@id":"https:\/\/www.starkevolksschulezh.ch\/?cat=1#listItem","name":"Uncategorized"}}]},{"@type":"Organization","@id":"https:\/\/www.starkevolksschulezh.ch\/#organization","name":"Starke Volksschule Z\u00fcrich","url":"https:\/\/www.starkevolksschulezh.ch\/","logo":{"@type":"ImageObject","url":"https:\/\/www.starkevolksschulezh.ch\/wp-content\/uploads\/2019\/03\/cropped-Logo-600150-2.png","@id":"https:\/\/www.starkevolksschulezh.ch\/?p=1863\/#organizationLogo","width":307,"height":150},"image":{"@id":"https:\/\/www.starkevolksschulezh.ch\/?p=1863\/#organizationLogo"}},{"@type":"Person","@id":"https:\/\/www.starkevolksschulezh.ch\/?author=1#author","url":"https:\/\/www.starkevolksschulezh.ch\/?author=1","name":"Rudolf","image":{"@type":"ImageObject","@id":"https:\/\/www.starkevolksschulezh.ch\/?p=1863#authorImage","url":"https:\/\/secure.gravatar.com\/avatar\/3d2907f170dff4af61c8d72e14a09111f2da54953a5e9c00f511f8259619d75c?s=96&d=mm&r=g","width":96,"height":96,"caption":"Rudolf"}},{"@type":"WebPage","@id":"https:\/\/www.starkevolksschulezh.ch\/?p=1863#webpage","url":"https:\/\/www.starkevolksschulezh.ch\/?p=1863","name":"Newsletter vom 6. September 2026 | Starke Volksschule Z\u00fcrich","description":"Newsletter vom 6. 9. 2026Herunterladen Die Ressourcen sind es nicht\u2026 Der Ruf nach \u00abmehr Ressourcen\u00bb ist zur faulen Ausrede geworden, um davon abzulenken, dass die fatalen Schulreformen der letzten dreissig Jahre unsere einst gute Volksschule an die Wand gefahren haben. In diesem Sinne der p\u00e4dagogische Zeigefinger von Carl Bossard, den wir an den Anfang unserer","inLanguage":"de-DE","isPartOf":{"@id":"https:\/\/www.starkevolksschulezh.ch\/#website"},"breadcrumb":{"@id":"https:\/\/www.starkevolksschulezh.ch\/?p=1863#breadcrumblist"},"author":{"@id":"https:\/\/www.starkevolksschulezh.ch\/?author=1#author"},"creator":{"@id":"https:\/\/www.starkevolksschulezh.ch\/?author=1#author"},"datePublished":"2026-09-04T15:00:14+02:00","dateModified":"2026-09-04T15:02:33+02:00"},{"@type":"WebSite","@id":"https:\/\/www.starkevolksschulezh.ch\/#website","url":"https:\/\/www.starkevolksschulezh.ch\/","name":"Starke Volksschule Z\u00fcrich","inLanguage":"de-DE","publisher":{"@id":"https:\/\/www.starkevolksschulezh.ch\/#organization"}}]}},"aioseo_meta_data":{"post_id":"1863","title":null,"description":null,"keywords":null,"keyphrases":{"focus":{"keyphrase":"","score":0,"analysis":{"keyphraseInTitle":{"score":0,"maxScore":9,"error":1}}},"additional":[]},"primary_term":null,"canonical_url":null,"og_title":null,"og_description":null,"og_object_type":"default","og_image_type":"default","og_image_url":null,"og_image_width":null,"og_image_height":null,"og_image_custom_url":null,"og_image_custom_fields":null,"og_video":"","og_custom_url":null,"og_article_section":null,"og_article_tags":null,"twitter_use_og":false,"twitter_card":"default","twitter_image_type":"default","twitter_image_url":null,"twitter_image_custom_url":null,"twitter_image_custom_fields":null,"twitter_title":null,"twitter_description":null,"schema":{"blockGraphs":[],"customGraphs":[],"default":{"data":{"Article":[],"Course":[],"Dataset":[],"FAQPage":[],"Movie":[],"Person":[],"Product":[],"ProductReview":[],"Car":[],"Recipe":[],"Service":[],"SoftwareApplication":[],"WebPage":[]},"graphName":"Article","isEnabled":true},"graphs":[]},"schema_type":"default","schema_type_options":null,"pillar_content":false,"robots_default":true,"robots_noindex":false,"robots_noarchive":false,"robots_nosnippet":false,"robots_nofollow":false,"robots_noimageindex":false,"robots_noodp":false,"robots_notranslate":false,"robots_max_snippet":"-1","robots_max_videopreview":"-1","robots_max_imagepreview":"large","priority":null,"frequency":"default","location":null,"local_seo":null,"breadcrumb_settings":null,"limit_modified_date":false,"ai":{"faqs":[],"keyPoints":[],"schemas":[],"titles":[],"descriptions":[],"socialPosts":{"email":{"subject":"","preview":"","content":""},"linkedin":[],"twitter":[],"facebook":[],"instagram":[]}},"created":"2026-09-04 12:55:40","updated":"2026-09-04 23:29:16","seo_analyzer_scan_date":null,"focus_keyword":null,"additional_keywords":null,"truseo_locale":null},"aioseo_breadcrumb":"<div class=\"aioseo-breadcrumbs\"><span class=\"aioseo-breadcrumb\">\n\t\t\t<a href=\"https:\/\/www.starkevolksschulezh.ch\" title=\"Home\">Home<\/a>\n\t\t<\/span><span class=\"aioseo-breadcrumb-separator\">&raquo;<\/span><span class=\"aioseo-breadcrumb\">\n\t\t\t<a href=\"https:\/\/www.starkevolksschulezh.ch\/?cat=1\" title=\"Uncategorized\">Uncategorized<\/a>\n\t\t<\/span><span class=\"aioseo-breadcrumb-separator\">&raquo;<\/span><span class=\"aioseo-breadcrumb\">\n\t\t\tNewsletter vom 6. September 2026\n\t\t<\/span><\/div>","aioseo_breadcrumb_json":[{"label":"Home","link":"https:\/\/www.starkevolksschulezh.ch"},{"label":"Uncategorized","link":"https:\/\/www.starkevolksschulezh.ch\/?cat=1"},{"label":"Newsletter vom 6. September 2026","link":"https:\/\/www.starkevolksschulezh.ch\/?p=1863"}],"_links":{"self":[{"href":"https:\/\/www.starkevolksschulezh.ch\/index.php?rest_route=\/wp\/v2\/posts\/1863","targetHints":{"allow":["GET"]}}],"collection":[{"href":"https:\/\/www.starkevolksschulezh.ch\/index.php?rest_route=\/wp\/v2\/posts"}],"about":[{"href":"https:\/\/www.starkevolksschulezh.ch\/index.php?rest_route=\/wp\/v2\/types\/post"}],"author":[{"embeddable":true,"href":"https:\/\/www.starkevolksschulezh.ch\/index.php?rest_route=\/wp\/v2\/users\/1"}],"replies":[{"embeddable":true,"href":"https:\/\/www.starkevolksschulezh.ch\/index.php?rest_route=%2Fwp%2Fv2%2Fcomments&post=1863"}],"version-history":[{"count":3,"href":"https:\/\/www.starkevolksschulezh.ch\/index.php?rest_route=\/wp\/v2\/posts\/1863\/revisions"}],"predecessor-version":[{"id":1868,"href":"https:\/\/www.starkevolksschulezh.ch\/index.php?rest_route=\/wp\/v2\/posts\/1863\/revisions\/1868"}],"wp:attachment":[{"href":"https:\/\/www.starkevolksschulezh.ch\/index.php?rest_route=%2Fwp%2Fv2%2Fmedia&parent=1863"}],"wp:term":[{"taxonomy":"category","embeddable":true,"href":"https:\/\/www.starkevolksschulezh.ch\/index.php?rest_route=%2Fwp%2Fv2%2Fcategories&post=1863"},{"taxonomy":"post_tag","embeddable":true,"href":"https:\/\/www.starkevolksschulezh.ch\/index.php?rest_route=%2Fwp%2Fv2%2Ftags&post=1863"}],"curies":[{"name":"wp","href":"https:\/\/api.w.org\/{rel}","templated":true}]}}