{"id":1814,"date":"2026-05-02T13:51:23","date_gmt":"2026-05-02T11:51:23","guid":{"rendered":"https:\/\/www.starkevolksschulezh.ch\/?p=1814"},"modified":"2026-05-02T13:51:25","modified_gmt":"2026-05-02T11:51:25","slug":"newsletter-vom-3-mai-2026","status":"publish","type":"post","link":"https:\/\/www.starkevolksschulezh.ch\/?p=1814","title":{"rendered":"Newsletter vom 3. Mai 2026"},"content":{"rendered":"\n<div class=\"wp-block-file\"><a id=\"wp-block-file--media-581e3e17-da83-44ac-90ea-bb970cf79b63\" href=\"https:\/\/www.starkevolksschulezh.ch\/wp-content\/uploads\/2026\/05\/Newsletter-260503.pdf\">Newsletter vom 3.5.2026<\/a><a href=\"https:\/\/www.starkevolksschulezh.ch\/wp-content\/uploads\/2026\/05\/Newsletter-260503.pdf\" class=\"wp-block-file__button wp-element-button\" download aria-describedby=\"wp-block-file--media-581e3e17-da83-44ac-90ea-bb970cf79b63\">Herunterladen<\/a><\/div>\n\n\n\n<h2 class=\"western\">Einstige Reformer verhindern dringende Reformen<\/h2>\n<p class=\"western\">Die Kritik an den gescheiterten Schulreformen wird immer lauter. Das schockierende Deutschdebakel, der endlose Fr\u00fchfranz\u00f6sisch-Leerlauf, die \u00fcberzogene Integration und die \u00dcberf\u00fclle des Lehrplans sind Dauerthemen in den Bildungsdiskussionen. Wer nicht eine rosa Brille aufgesetzt hat, kommt unweigerlich zum Schluss, dass es f\u00fcr den Volksschul-Supertanker eine deutliche Kurs\u00e4nderung braucht, um die versprochenen Bildungsziele zu erreichen.<!--more--><\/p>\n<p class=\"western\">Offenbar scheint auf der EDK-Kommandobr\u00fccke Uneinigkeit \u00fcber den Ernst der Lage zu bestehen. Die einen vermuten, dass der Kurs falsch ist. Die Mehrheit der Crewmitglieder glaubt aber noch immer, man sei nur unwesentlich vom Ziel abgekommen. In dieser Situation hat man sich verst\u00e4ndigt, vorerst den bisherigen Kurs beizubehalten und die Passagiere zu informieren, dass trotz eines st\u00e4rkeren Wellengangs alles nach Plan verlaufe.<\/p>\n<h4 class=\"western\">Trotz negativer Evaluationsresultate wird am falschen Kurs festgehalten<\/h4>\n<p class=\"western\">Es ist absolut unverst\u00e4ndlich, dass die Reformer von einst sich den unerfreulichen Tatsachen nicht stellen wollen. Die EDK und kantonale Bildungsdirektionen haben zwar wie versprochen einige wichtige Evaluationen durchgef\u00fchrt und ausgewertet. Deshalb m\u00fcsste man eigentlich voll im Bild sein, dass vieles schiefl\u00e4uft. Doch klare Antworten der Bildungs-Steuerleute auf die schlechten Ergebnisse bleiben aus. Statt den falschen Kurs endlich zu korrigieren, wird abgewiegelt oder einfach geschwiegen. Beim Fr\u00fchfranz\u00f6sisch wird weitergewurstelt, die Integration wird zur heiligen Kuh erkl\u00e4rt und beim Deutschdebakel herrscht Ratlosigkeit \u00fcber die zu treffenden Konzept\u00e4nderungen. Von einer \u00fcberzeugenden F\u00fchrung des Bildungsschiffs in bedrohlicher Lage kann keine Rede mehr sein. Die umtriebigen Reformer von einst sind zu mutlosen Verk\u00fcndern von unsinnigen Durchhalteparolen geworden.<\/p>\n<p class=\"western\">Diese Grundhaltung kommt beim Grossteil der Lehrerschaft gar nicht gut an. Man f\u00fchlt sich im Stich gelassen. Es erstaunt deshalb nicht, dass der steigende Druck, die Volksschule zu entschlacken und ihr einen \u00fcberzeugenderen Auftrag als bisher zu geben, von praxisnahen Schulkritikern kommt. Der j\u00fcngste Auftritt einer Gruppe von acht namhaften Bildungsfachleuten mit starkem Bezug zur Schulpraxis l\u00e4sst nun aber aufhorchen. Was diese k\u00e4mpferische Gruppierung mit dem Namen \u00abWendepunkt Bildung\u00bb fordert, geht weit \u00fcber die bisherige, eher sanfte Bildungskritik hinaus. Mit klaren Vorstellungen \u00fcber eine innere Schulreform, getragen von gut begr\u00fcndeten p\u00e4dagogischen Wahrheiten, hat die Gruppe die \u00f6ffentliche Diskussion angefacht.<\/p>\n<h4 class=\"western\">F\u00fcr \u00abWendepunkt Bildung\u00bb ist die Wirksamkeit von Reformen entscheidend<\/h4>\n<p class=\"western\">Die Reaktionen in der Presse waren teils heftig und f\u00fchrten zu unterschiedlichen Interpretationen des nachgewiesenen Leistungs-Sinkflugs der Volksschule. Offensichtlich haben die acht Kritiker mehr als nur einen wunden Punkt getroffen. Am meisten zu reden gab die Lehrerbildung an den P\u00e4dagogischen Hochschulen. Zu viel praxisferner Ballast, zu wenig N\u00e4he zur Volksschule und eine schwache Fachdidaktik in vielen Bereichen, all das wurde in fast allen Kommentaren als Herausforderung erkannt. Andere Pressekommentare blieben auf der Linie der offiziellen Bildungspolitik oder warfen den Kritikern ein \u00abZur\u00fcck zur alten Schule\u00bb vor.<\/p>\n<p class=\"western\">Von einem Zur\u00fcckdrehen des Rads der Zeit kann bei den acht Kritikern allerdings keine Rede sein. Ihr Ansatz im p\u00e4dagogischen Denken ist ein ganz anderer. Es geht ihnen um die Wirksamkeit p\u00e4dagogischer Konzepte im Schulalltag und nicht um ideologische Sch\u00f6nf\u00e4rbereien. Die Frage, welche Lernkonzepte bei den Kindern und Jugendlichen einen nachhaltigen Bildungsprozess ausl\u00f6sen, ist f\u00fcr sie vorrangig. Reformen, die sich als erfolgreich erwiesen haben, sollen weiterentwickelt werden. Gescheiterte Projekte hingegen sind zu stoppen und nicht jahrelang durch immer neue Geldspritzen weiterzuf\u00fchren.<\/p>\n<p class=\"western\">Das Vorwort unseres Newsletters ist diesmal bewusst k\u00fcrzer gehalten, da Sie in den ersten Beitr\u00e4gen eine F\u00fclle an Informationen und Kommentaren zum spannenden bildungspolitischen Geschehen der letzten Tage finden. Daneben haben wir wie \u00fcblich weitere Texte zu Bildungsfragen f\u00fcr Sie zusammengestellt. Nicht vergessen m\u00f6chten wir den Hinweis auf die von uns ausgew\u00e4hlten ausgezeichneten Leserbriefe. Was diese kurzen Texte an anschaulichen Aussagen zu zentralen Schulfragen enthalten, l\u00e4sst deren Lekt\u00fcre zum Genuss werden.<\/p>\n<p class=\"western\"><i>Hanspeter Amstutz<\/i><\/p>\n\n\n\n<figure class=\"wp-block-image size-large is-resized\"><a href=\"https:\/\/www.starkevolksschulezh.ch\/wp-content\/uploads\/2026\/05\/Inhalt.jpg\"><img loading=\"lazy\" decoding=\"async\" width=\"1024\" height=\"1002\" src=\"https:\/\/www.starkevolksschulezh.ch\/wp-content\/uploads\/2026\/05\/Inhalt-1024x1002.jpg\" alt=\"\" class=\"wp-image-1816\" style=\"width:572px;height:auto\" srcset=\"https:\/\/www.starkevolksschulezh.ch\/wp-content\/uploads\/2026\/05\/Inhalt-1024x1002.jpg 1024w, https:\/\/www.starkevolksschulezh.ch\/wp-content\/uploads\/2026\/05\/Inhalt-300x294.jpg 300w, https:\/\/www.starkevolksschulezh.ch\/wp-content\/uploads\/2026\/05\/Inhalt-768x752.jpg 768w, https:\/\/www.starkevolksschulezh.ch\/wp-content\/uploads\/2026\/05\/Inhalt-960x939.jpg 960w, https:\/\/www.starkevolksschulezh.ch\/wp-content\/uploads\/2026\/05\/Inhalt.jpg 1217w\" sizes=\"auto, (max-width: 1024px) 100vw, 1024px\" \/><\/a><\/figure>\n\n\n\n<div class=\"wp-block-file\"><a id=\"wp-block-file--media-581e3e17-da83-44ac-90ea-bb970cf79b63\" href=\"https:\/\/www.starkevolksschulezh.ch\/wp-content\/uploads\/2026\/05\/Newsletter-260503.pdf\">Newsletter vom 3.5.2026<\/a><a href=\"https:\/\/www.starkevolksschulezh.ch\/wp-content\/uploads\/2026\/05\/Newsletter-260503.pdf\" class=\"wp-block-file__button wp-element-button\" download aria-describedby=\"wp-block-file--media-581e3e17-da83-44ac-90ea-bb970cf79b63\">Herunterladen<\/a><\/div>\n\n\n","protected":false},"excerpt":{"rendered":"<p>Einstige Reformer verhindern dringende Reformen<\/p>\n","protected":false},"author":1,"featured_media":0,"comment_status":"closed","ping_status":"closed","sticky":false,"template":"","format":"standard","meta":{"footnotes":""},"categories":[3],"tags":[],"class_list":{"0":"post-1814","1":"post","2":"type-post","3":"status-publish","4":"format-standard","6":"category-newsletter","7":"h-entry","8":"hentry","9":"h-as-article"},"aioseo_notices":[],"_links":{"self":[{"href":"https:\/\/www.starkevolksschulezh.ch\/index.php?rest_route=\/wp\/v2\/posts\/1814","targetHints":{"allow":["GET"]}}],"collection":[{"href":"https:\/\/www.starkevolksschulezh.ch\/index.php?rest_route=\/wp\/v2\/posts"}],"about":[{"href":"https:\/\/www.starkevolksschulezh.ch\/index.php?rest_route=\/wp\/v2\/types\/post"}],"author":[{"embeddable":true,"href":"https:\/\/www.starkevolksschulezh.ch\/index.php?rest_route=\/wp\/v2\/users\/1"}],"replies":[{"embeddable":true,"href":"https:\/\/www.starkevolksschulezh.ch\/index.php?rest_route=%2Fwp%2Fv2%2Fcomments&post=1814"}],"version-history":[{"count":1,"href":"https:\/\/www.starkevolksschulezh.ch\/index.php?rest_route=\/wp\/v2\/posts\/1814\/revisions"}],"predecessor-version":[{"id":1817,"href":"https:\/\/www.starkevolksschulezh.ch\/index.php?rest_route=\/wp\/v2\/posts\/1814\/revisions\/1817"}],"wp:attachment":[{"href":"https:\/\/www.starkevolksschulezh.ch\/index.php?rest_route=%2Fwp%2Fv2%2Fmedia&parent=1814"}],"wp:term":[{"taxonomy":"category","embeddable":true,"href":"https:\/\/www.starkevolksschulezh.ch\/index.php?rest_route=%2Fwp%2Fv2%2Fcategories&post=1814"},{"taxonomy":"post_tag","embeddable":true,"href":"https:\/\/www.starkevolksschulezh.ch\/index.php?rest_route=%2Fwp%2Fv2%2Ftags&post=1814"}],"curies":[{"name":"wp","href":"https:\/\/api.w.org\/{rel}","templated":true}]}}