{"id":1053,"date":"2022-05-21T16:48:24","date_gmt":"2022-05-21T14:48:24","guid":{"rendered":"https:\/\/www.starkevolksschulezh.ch\/?p=1053"},"modified":"2022-05-21T20:51:22","modified_gmt":"2022-05-21T18:51:22","slug":"petition-wieder-ein-dreiteiliges-schulmodell-fuer-die-sek-wetzikon","status":"publish","type":"post","link":"https:\/\/www.starkevolksschulezh.ch\/?p=1053","title":{"rendered":"Petition \u00abWieder ein dreiteiliges Schulmodell f\u00fcr die Sek Wetzikon\u00bb"},"content":{"rendered":"<h3><strong>Ausgangslage<\/strong><\/h3>\n<p>Ende 2017 beschloss die damalige Sekundarschulpflege Wetzikon, die Sek C abzuschaffen und ab dem Schuljahr 2018\/19 nur noch die Abteilungen A und B zu f\u00fchren. 2020 wurde das Thema im Wetziker Parlament mit kritischen Fragen in einer politisch breit abgest\u00fctzten Interpellation aufgenommen. Die Folge davon war, dass die Schulpflege 2021 eine Evaluation des aktuellen Schulmodells (A+B) durchf\u00fchrte.&nbsp;<\/p>\n\n\n<!--more-->\n\n\n\n<div class=\"page\" title=\"Page 1\">\n<div class=\"layoutArea\">\n<div class=\"column\">\n<h3>Grund der Petition<\/h3>\n<p>Die Evaluation ergab, dass mehr als 50% der befragten Lehrpersonen dem aktuellen Schulmodell kritisch oder sehr kritisch gegen\u00fcberstehen. Trotzdem h\u00e4lt die Schulpflege nach wie vor an nur zwei Abteilungen fest. Aus diesem Grund wenden wir uns mittels einer Petition an die Bev\u00f6lkerung von Wetzikon und Umgebung, um der Schulpflege erneut zu signalisieren, dass die Abschaffung der Sek C nicht dem Wohl der leistungsschw\u00e4cheren Sch\u00fclerinnen und Sch\u00fcler dient.<\/p>\n<h3>Forderung<\/h3>\n<p>Die Unterzeichnenden fordern den Stadtrat bzw. die Schulpflege auf, die Kritik seitens Lehrpersonen, Parlament und Bev\u00f6lkerung ernst zu nehmen und wieder mindestens eine zus\u00e4tzliche Abteilung f\u00fcr die Sekundarschule in Wetzikon einzuf\u00fchren.<\/p>\n<p>Unterschriftenbogen einsenden an: Timotheus Bruderer, Preyenstrasse 47, 8623 Wetzikon<\/p>\n<\/div>\n<\/div>\n<\/div>\n\n\n\n<div class=\"wp-block-file\"><a id=\"wp-block-file--media-5209e506-5df0-4636-9ac0-9deae126e75c\" href=\"https:\/\/www.starkevolksschulezh.ch\/wp-content\/uploads\/2022\/05\/2022-05-18-Petition-Sek-Wetzikon.pdf\">Unterschriftenbogen<\/a><a href=\"https:\/\/www.starkevolksschulezh.ch\/wp-content\/uploads\/2022\/05\/2022-05-18-Petition-Sek-Wetzikon.pdf\" class=\"wp-block-file__button\" download aria-describedby=\"wp-block-file--media-5209e506-5df0-4636-9ac0-9deae126e75c\">Herunterladen<\/a><\/div>\n\n\n","protected":false},"excerpt":{"rendered":"<p>Ausgangslage Ende 2017 beschloss die damalige Sekundarschulpflege Wetzikon, die Sek C abzuschaffen und ab dem Schuljahr 2018\/19 nur noch die Abteilungen A und B zu f\u00fchren. 2020 wurde das Thema im Wetziker Parlament mit kritischen Fragen in einer politisch breit abgest\u00fctzten Interpellation aufgenommen. Die Folge davon war, dass die Schulpflege 2021 eine Evaluation des aktuellen <a href=\"https:\/\/www.starkevolksschulezh.ch\/?p=1053\" class=\"more-link\">...weiterlesen<span class=\"screen-reader-text\"> \"Petition \u00abWieder ein dreiteiliges Schulmodell f\u00fcr die Sek Wetzikon\u00bb\"<\/span><\/a><\/p>\n","protected":false},"author":1,"featured_media":0,"comment_status":"closed","ping_status":"closed","sticky":false,"template":"","format":"standard","meta":{"footnotes":""},"categories":[1],"tags":[],"class_list":{"0":"post-1053","1":"post","2":"type-post","3":"status-publish","4":"format-standard","6":"category-uncategorized","7":"h-entry","8":"hentry","9":"h-as-article"},"aioseo_notices":[],"_links":{"self":[{"href":"https:\/\/www.starkevolksschulezh.ch\/index.php?rest_route=\/wp\/v2\/posts\/1053","targetHints":{"allow":["GET"]}}],"collection":[{"href":"https:\/\/www.starkevolksschulezh.ch\/index.php?rest_route=\/wp\/v2\/posts"}],"about":[{"href":"https:\/\/www.starkevolksschulezh.ch\/index.php?rest_route=\/wp\/v2\/types\/post"}],"author":[{"embeddable":true,"href":"https:\/\/www.starkevolksschulezh.ch\/index.php?rest_route=\/wp\/v2\/users\/1"}],"replies":[{"embeddable":true,"href":"https:\/\/www.starkevolksschulezh.ch\/index.php?rest_route=%2Fwp%2Fv2%2Fcomments&post=1053"}],"version-history":[{"count":3,"href":"https:\/\/www.starkevolksschulezh.ch\/index.php?rest_route=\/wp\/v2\/posts\/1053\/revisions"}],"predecessor-version":[{"id":1064,"href":"https:\/\/www.starkevolksschulezh.ch\/index.php?rest_route=\/wp\/v2\/posts\/1053\/revisions\/1064"}],"wp:attachment":[{"href":"https:\/\/www.starkevolksschulezh.ch\/index.php?rest_route=%2Fwp%2Fv2%2Fmedia&parent=1053"}],"wp:term":[{"taxonomy":"category","embeddable":true,"href":"https:\/\/www.starkevolksschulezh.ch\/index.php?rest_route=%2Fwp%2Fv2%2Fcategories&post=1053"},{"taxonomy":"post_tag","embeddable":true,"href":"https:\/\/www.starkevolksschulezh.ch\/index.php?rest_route=%2Fwp%2Fv2%2Ftags&post=1053"}],"curies":[{"name":"wp","href":"https:\/\/api.w.org\/{rel}","templated":true}]}}